{"id":824,"date":"2017-06-23T10:52:54","date_gmt":"2017-06-23T10:52:54","guid":{"rendered":"http:\/\/www.lesvraisrayons.it\/?p=824"},"modified":"2017-06-23T11:08:49","modified_gmt":"2017-06-23T11:08:49","slug":"15-idee-per-scoprire-la-valle-daosta","status":"publish","type":"post","link":"http:\/\/www.lesvraisrayons.it\/index.php\/15-idee-per-scoprire-la-valle-daosta\/","title":{"rendered":"15 Idee per scoprire la Valle d&#8217;Aosta"},"content":{"rendered":"<p style=\"text-align: left;\">15 Idee per scoprire la Valle d&#8217;Aosta<\/p>\n<p>Per un soggiorno in cui la curiosit\u00e0 si unisce al benessere, tante idee per scoprire i mille volti di un territorio tra natura, storia e cultura ecco le proposte di\u00a0<a href=\"http:\/\/www.travel365.it\/posti-da-visitare-valle-d-aosta.htm\" target=\"_blank\">Travel365<\/a><\/p>\n<p>&nbsp;<\/p>\n<div class=\"tiled-gallery type-rectangular tiled-gallery-unresized\" data-original-width=\"900\" data-carousel-extra='{&quot;blog_id&quot;:1,&quot;permalink&quot;:&quot;http:\\\/\\\/www.lesvraisrayons.it\\\/index.php\\\/15-idee-per-scoprire-la-valle-daosta\\\/&quot;,&quot;likes_blog_id&quot;:103299342}' itemscope itemtype=\"http:\/\/schema.org\/ImageGallery\" > <div class=\"gallery-row\" style=\"width: 900px; height: 708px;\" data-original-width=\"900\" data-original-height=\"708\" > <div class=\"gallery-group images-4\" style=\"width: 266px; height: 708px;\" data-original-width=\"266\" data-original-height=\"708\" > <div class=\"tiled-gallery-item tiled-gallery-item-large\" itemprop=\"associatedMedia\" itemscope itemtype=\"http:\/\/schema.org\/ImageObject\"> <a href=\"http:\/\/www.lesvraisrayons.it\/index.php\/stagioni-e-dintorni\/wp_20170607_08_21_37_pro\/\" border=\"0\" itemprop=\"url\"> <meta itemprop=\"width\" content=\"262\"> <meta itemprop=\"height\" content=\"147\"> <img loading=\"lazy\" decoding=\"async\" data-attachment-id=\"817\" data-orig-file=\"http:\/\/www.lesvraisrayons.it\/wp-content\/uploads\/2017\/06\/WP_20170607_08_21_37_Pro.jpg\" data-orig-size=\"2592,1456\" data-comments-opened=\"\" data-image-meta=\"{&quot;aperture&quot;:&quot;0&quot;,&quot;credit&quot;:&quot;&quot;,&quot;camera&quot;:&quot;&quot;,&quot;caption&quot;:&quot;&quot;,&quot;created_timestamp&quot;:&quot;0&quot;,&quot;copyright&quot;:&quot;&quot;,&quot;focal_length&quot;:&quot;0&quot;,&quot;iso&quot;:&quot;0&quot;,&quot;shutter_speed&quot;:&quot;0&quot;,&quot;title&quot;:&quot;&quot;,&quot;orientation&quot;:&quot;0&quot;}\" data-image-title=\"WP_20170607_08_21_37_Pro\" data-image-description=\"\" data-medium-file=\"https:\/\/i0.wp.com\/www.lesvraisrayons.it\/wp-content\/uploads\/2017\/06\/WP_20170607_08_21_37_Pro.jpg?fit=300%2C169\" data-large-file=\"https:\/\/i0.wp.com\/www.lesvraisrayons.it\/wp-content\/uploads\/2017\/06\/WP_20170607_08_21_37_Pro.jpg?fit=900%2C505\" src=\"https:\/\/i0.wp.com\/www.lesvraisrayons.it\/wp-content\/uploads\/2017\/06\/WP_20170607_08_21_37_Pro.jpg?w=262&#038;h=147\" width=\"262\" height=\"147\" data-original-width=\"262\" data-original-height=\"147\" itemprop=\"http:\/\/schema.org\/image\" title=\"WP_20170607_08_21_37_Pro\" alt=\"WP_20170607_08_21_37_Pro\" style=\"width: 262px; height: 147px;\" \/> <\/a> <\/div> <div class=\"tiled-gallery-item tiled-gallery-item-large\" itemprop=\"associatedMedia\" itemscope itemtype=\"http:\/\/schema.org\/ImageObject\"> <a href=\"http:\/\/www.lesvraisrayons.it\/?attachment_id=664\" border=\"0\" itemprop=\"url\"> <meta itemprop=\"width\" content=\"262\"> <meta itemprop=\"height\" content=\"174\"> <img loading=\"lazy\" decoding=\"async\" data-attachment-id=\"664\" data-orig-file=\"http:\/\/www.lesvraisrayons.it\/wp-content\/uploads\/2016\/02\/9b8b8e3ccc3f5359c2420bd4d7121c57.jpg\" data-orig-size=\"457,303\" data-comments-opened=\"\" data-image-meta=\"{&quot;aperture&quot;:&quot;0&quot;,&quot;credit&quot;:&quot;ANSA&quot;,&quot;camera&quot;:&quot;&quot;,&quot;caption&quot;:&quot;Post-it VDA&quot;,&quot;created_timestamp&quot;:&quot;0&quot;,&quot;copyright&quot;:&quot;ANSA&quot;,&quot;focal_length&quot;:&quot;0&quot;,&quot;iso&quot;:&quot;0&quot;,&quot;shutter_speed&quot;:&quot;0&quot;,&quot;title&quot;:&quot;Sci, in Valle d?Aosta un inverno a tutta neve&quot;,&quot;orientation&quot;:&quot;0&quot;}\" data-image-title=\"Sci, in Valle d&#8217;Aosta un inverno a tutta neve\" data-image-description=\"&lt;p&gt;Neve in vda&lt;\/p&gt; \" data-medium-file=\"https:\/\/i2.wp.com\/www.lesvraisrayons.it\/wp-content\/uploads\/2016\/02\/9b8b8e3ccc3f5359c2420bd4d7121c57.jpg?fit=300%2C199\" data-large-file=\"https:\/\/i2.wp.com\/www.lesvraisrayons.it\/wp-content\/uploads\/2016\/02\/9b8b8e3ccc3f5359c2420bd4d7121c57.jpg?fit=457%2C303\" src=\"https:\/\/i2.wp.com\/www.lesvraisrayons.it\/wp-content\/uploads\/2016\/02\/9b8b8e3ccc3f5359c2420bd4d7121c57.jpg?w=262&#038;h=174\" width=\"262\" height=\"174\" data-original-width=\"262\" data-original-height=\"174\" itemprop=\"http:\/\/schema.org\/image\" title=\"Sci, in Valle d&#039;Aosta un inverno a tutta neve\" alt=\"Sci, in Valle d&#039;Aosta un inverno a tutta neve\" style=\"width: 262px; height: 174px;\" \/> <\/a> <\/div> <div class=\"tiled-gallery-item tiled-gallery-item-large\" itemprop=\"associatedMedia\" itemscope itemtype=\"http:\/\/schema.org\/ImageObject\"> <a href=\"http:\/\/www.lesvraisrayons.it\/castello-di-fenis\/\" border=\"0\" itemprop=\"url\"> <meta itemprop=\"width\" content=\"262\"> <meta itemprop=\"height\" content=\"175\"> <img loading=\"lazy\" decoding=\"async\" data-attachment-id=\"820\" data-orig-file=\"http:\/\/www.lesvraisrayons.it\/wp-content\/uploads\/2017\/06\/castello-di-fenis.jpg\" data-orig-size=\"800,533\" data-comments-opened=\"\" data-image-meta=\"{&quot;aperture&quot;:&quot;0&quot;,&quot;credit&quot;:&quot;&quot;,&quot;camera&quot;:&quot;&quot;,&quot;caption&quot;:&quot;&quot;,&quot;created_timestamp&quot;:&quot;0&quot;,&quot;copyright&quot;:&quot;&quot;,&quot;focal_length&quot;:&quot;0&quot;,&quot;iso&quot;:&quot;0&quot;,&quot;shutter_speed&quot;:&quot;0&quot;,&quot;title&quot;:&quot;&quot;,&quot;orientation&quot;:&quot;0&quot;}\" data-image-title=\"castello-di-fenis\" data-image-description=\"\" data-medium-file=\"https:\/\/i2.wp.com\/www.lesvraisrayons.it\/wp-content\/uploads\/2017\/06\/castello-di-fenis.jpg?fit=300%2C200\" data-large-file=\"https:\/\/i2.wp.com\/www.lesvraisrayons.it\/wp-content\/uploads\/2017\/06\/castello-di-fenis.jpg?fit=800%2C533\" src=\"https:\/\/i2.wp.com\/www.lesvraisrayons.it\/wp-content\/uploads\/2017\/06\/castello-di-fenis.jpg?w=262&#038;h=175\" width=\"262\" height=\"175\" data-original-width=\"262\" data-original-height=\"175\" itemprop=\"http:\/\/schema.org\/image\" title=\"castello-di-fenis\" alt=\"castello-di-fenis\" style=\"width: 262px; height: 175px;\" \/> <\/a> <\/div> <div class=\"tiled-gallery-item tiled-gallery-item-large\" itemprop=\"associatedMedia\" itemscope itemtype=\"http:\/\/schema.org\/ImageObject\"> <a href=\"http:\/\/www.lesvraisrayons.it\/lago-d-arpy\/\" border=\"0\" itemprop=\"url\"> <meta itemprop=\"width\" content=\"262\"> <meta itemprop=\"height\" content=\"196\"> <img loading=\"lazy\" decoding=\"async\" data-attachment-id=\"821\" data-orig-file=\"http:\/\/www.lesvraisrayons.it\/wp-content\/uploads\/2017\/06\/lago-d-arpy.jpg\" data-orig-size=\"800,600\" data-comments-opened=\"\" data-image-meta=\"{&quot;aperture&quot;:&quot;0&quot;,&quot;credit&quot;:&quot;&quot;,&quot;camera&quot;:&quot;&quot;,&quot;caption&quot;:&quot;&quot;,&quot;created_timestamp&quot;:&quot;0&quot;,&quot;copyright&quot;:&quot;&quot;,&quot;focal_length&quot;:&quot;0&quot;,&quot;iso&quot;:&quot;0&quot;,&quot;shutter_speed&quot;:&quot;0&quot;,&quot;title&quot;:&quot;&quot;,&quot;orientation&quot;:&quot;0&quot;}\" data-image-title=\"lago-d-arpy\" data-image-description=\"\" data-medium-file=\"https:\/\/i0.wp.com\/www.lesvraisrayons.it\/wp-content\/uploads\/2017\/06\/lago-d-arpy.jpg?fit=300%2C225\" data-large-file=\"https:\/\/i0.wp.com\/www.lesvraisrayons.it\/wp-content\/uploads\/2017\/06\/lago-d-arpy.jpg?fit=800%2C600\" src=\"https:\/\/i0.wp.com\/www.lesvraisrayons.it\/wp-content\/uploads\/2017\/06\/lago-d-arpy.jpg?w=262&#038;h=196\" width=\"262\" height=\"196\" data-original-width=\"262\" data-original-height=\"196\" itemprop=\"http:\/\/schema.org\/image\" title=\"lago-d-arpy\" alt=\"lago-d-arpy\" style=\"width: 262px; height: 196px;\" \/> <\/a> <\/div> <\/div> <!-- close group --> <div class=\"gallery-group images-4\" style=\"width: 306px; height: 708px;\" data-original-width=\"306\" data-original-height=\"708\" > <div class=\"tiled-gallery-item tiled-gallery-item-large\" itemprop=\"associatedMedia\" itemscope itemtype=\"http:\/\/schema.org\/ImageObject\"> <a href=\"http:\/\/www.lesvraisrayons.it\/index.php\/febbraio-con-gli-insoliti-carnevali-della-valle-daosta\/valle-daosta-costumi-carnevale-verres-foto-enrico-romanzi-1737-2\/\" border=\"0\" itemprop=\"url\"> <meta itemprop=\"width\" content=\"302\"> <meta itemprop=\"height\" content=\"201\"> <img loading=\"lazy\" decoding=\"async\" data-attachment-id=\"801\" data-orig-file=\"http:\/\/www.lesvraisrayons.it\/wp-content\/uploads\/2017\/02\/VALLE-DAOSTA-Costumi-Carnevale-Verres-foto-Enrico-Romanzi-1737-2.jpg\" data-orig-size=\"780,520\" data-comments-opened=\"\" data-image-meta=\"{&quot;aperture&quot;:&quot;0&quot;,&quot;credit&quot;:&quot;&quot;,&quot;camera&quot;:&quot;&quot;,&quot;caption&quot;:&quot;&quot;,&quot;created_timestamp&quot;:&quot;0&quot;,&quot;copyright&quot;:&quot;&quot;,&quot;focal_length&quot;:&quot;0&quot;,&quot;iso&quot;:&quot;0&quot;,&quot;shutter_speed&quot;:&quot;0&quot;,&quot;title&quot;:&quot;&quot;,&quot;orientation&quot;:&quot;0&quot;}\" data-image-title=\"VALLE-DAOSTA-Costumi-Carnevale-Verres-foto-Enrico-Romanzi-1737-2\" data-image-description=\"\" data-medium-file=\"https:\/\/i0.wp.com\/www.lesvraisrayons.it\/wp-content\/uploads\/2017\/02\/VALLE-DAOSTA-Costumi-Carnevale-Verres-foto-Enrico-Romanzi-1737-2.jpg?fit=300%2C200\" data-large-file=\"https:\/\/i0.wp.com\/www.lesvraisrayons.it\/wp-content\/uploads\/2017\/02\/VALLE-DAOSTA-Costumi-Carnevale-Verres-foto-Enrico-Romanzi-1737-2.jpg?fit=780%2C520\" src=\"https:\/\/i0.wp.com\/www.lesvraisrayons.it\/wp-content\/uploads\/2017\/02\/VALLE-DAOSTA-Costumi-Carnevale-Verres-foto-Enrico-Romanzi-1737-2.jpg?w=302&#038;h=201\" width=\"302\" height=\"201\" data-original-width=\"302\" data-original-height=\"201\" itemprop=\"http:\/\/schema.org\/image\" title=\"VALLE-DAOSTA-Costumi-Carnevale-Verres-foto-Enrico-Romanzi-1737-2\" alt=\"VALLE-DAOSTA-Costumi-Carnevale-Verres-foto-Enrico-Romanzi-1737-2\" style=\"width: 302px; height: 201px;\" \/> <\/a> <\/div> <div class=\"tiled-gallery-item tiled-gallery-item-large\" itemprop=\"associatedMedia\" itemscope itemtype=\"http:\/\/schema.org\/ImageObject\"> <a href=\"http:\/\/www.lesvraisrayons.it\/colle-del-piccolo-san-bernardo\/\" border=\"0\" itemprop=\"url\"> <meta itemprop=\"width\" content=\"302\"> <meta itemprop=\"height\" content=\"202\"> <img loading=\"lazy\" decoding=\"async\" data-attachment-id=\"819\" data-orig-file=\"http:\/\/www.lesvraisrayons.it\/wp-content\/uploads\/2017\/06\/colle-del-piccolo-san-bernardo.jpg\" data-orig-size=\"800,536\" data-comments-opened=\"\" data-image-meta=\"{&quot;aperture&quot;:&quot;0&quot;,&quot;credit&quot;:&quot;&quot;,&quot;camera&quot;:&quot;&quot;,&quot;caption&quot;:&quot;&quot;,&quot;created_timestamp&quot;:&quot;0&quot;,&quot;copyright&quot;:&quot;&quot;,&quot;focal_length&quot;:&quot;0&quot;,&quot;iso&quot;:&quot;0&quot;,&quot;shutter_speed&quot;:&quot;0&quot;,&quot;title&quot;:&quot;&quot;,&quot;orientation&quot;:&quot;0&quot;}\" data-image-title=\"colle-del-piccolo-san-bernardo\" data-image-description=\"\" data-medium-file=\"https:\/\/i1.wp.com\/www.lesvraisrayons.it\/wp-content\/uploads\/2017\/06\/colle-del-piccolo-san-bernardo.jpg?fit=300%2C201\" data-large-file=\"https:\/\/i1.wp.com\/www.lesvraisrayons.it\/wp-content\/uploads\/2017\/06\/colle-del-piccolo-san-bernardo.jpg?fit=800%2C536\" src=\"https:\/\/i1.wp.com\/www.lesvraisrayons.it\/wp-content\/uploads\/2017\/06\/colle-del-piccolo-san-bernardo.jpg?w=302&#038;h=202\" width=\"302\" height=\"202\" data-original-width=\"302\" data-original-height=\"202\" itemprop=\"http:\/\/schema.org\/image\" title=\"colle-del-piccolo-san-bernardo\" alt=\"15 Idee per scoprire la Valle d&#039;Aosta\" style=\"width: 302px; height: 202px;\" \/> <\/a> <div class=\"tiled-gallery-caption\" itemprop=\"caption description\"> 15 Idee per scoprire la Valle d&#8217;Aosta <\/div> <\/div> <div class=\"tiled-gallery-item tiled-gallery-item-large\" itemprop=\"associatedMedia\" itemscope itemtype=\"http:\/\/schema.org\/ImageObject\"> <a href=\"http:\/\/www.lesvraisrayons.it\/aosta-1\/\" border=\"0\" itemprop=\"url\"> <meta itemprop=\"width\" content=\"302\"> <meta itemprop=\"height\" content=\"119\"> <img loading=\"lazy\" decoding=\"async\" data-attachment-id=\"823\" data-orig-file=\"http:\/\/www.lesvraisrayons.it\/wp-content\/uploads\/2017\/06\/aosta-1.jpg\" data-orig-size=\"800,315\" data-comments-opened=\"\" data-image-meta=\"{&quot;aperture&quot;:&quot;0&quot;,&quot;credit&quot;:&quot;&quot;,&quot;camera&quot;:&quot;&quot;,&quot;caption&quot;:&quot;&quot;,&quot;created_timestamp&quot;:&quot;0&quot;,&quot;copyright&quot;:&quot;&quot;,&quot;focal_length&quot;:&quot;0&quot;,&quot;iso&quot;:&quot;0&quot;,&quot;shutter_speed&quot;:&quot;0&quot;,&quot;title&quot;:&quot;&quot;,&quot;orientation&quot;:&quot;0&quot;}\" data-image-title=\"aosta-1\" data-image-description=\"\" data-medium-file=\"https:\/\/i1.wp.com\/www.lesvraisrayons.it\/wp-content\/uploads\/2017\/06\/aosta-1.jpg?fit=300%2C118\" data-large-file=\"https:\/\/i1.wp.com\/www.lesvraisrayons.it\/wp-content\/uploads\/2017\/06\/aosta-1.jpg?fit=800%2C315\" src=\"https:\/\/i1.wp.com\/www.lesvraisrayons.it\/wp-content\/uploads\/2017\/06\/aosta-1.jpg?w=302&#038;h=119\" width=\"302\" height=\"119\" data-original-width=\"302\" data-original-height=\"119\" itemprop=\"http:\/\/schema.org\/image\" title=\"aosta-1\" alt=\"aosta-1\" style=\"width: 302px; height: 119px;\" \/> <\/a> <\/div> <div class=\"tiled-gallery-item tiled-gallery-item-large\" itemprop=\"associatedMedia\" itemscope itemtype=\"http:\/\/schema.org\/ImageObject\"> <a href=\"http:\/\/www.lesvraisrayons.it\/skyway-funivie-monte-bianco\/\" border=\"0\" itemprop=\"url\"> <meta itemprop=\"width\" content=\"302\"> <meta itemprop=\"height\" content=\"170\"> <img loading=\"lazy\" decoding=\"async\" data-attachment-id=\"822\" data-orig-file=\"http:\/\/www.lesvraisrayons.it\/wp-content\/uploads\/2017\/06\/skyway-funivie-monte-bianco.jpg\" data-orig-size=\"700,394\" data-comments-opened=\"\" data-image-meta=\"{&quot;aperture&quot;:&quot;0&quot;,&quot;credit&quot;:&quot;&quot;,&quot;camera&quot;:&quot;&quot;,&quot;caption&quot;:&quot;&quot;,&quot;created_timestamp&quot;:&quot;0&quot;,&quot;copyright&quot;:&quot;&quot;,&quot;focal_length&quot;:&quot;0&quot;,&quot;iso&quot;:&quot;0&quot;,&quot;shutter_speed&quot;:&quot;0&quot;,&quot;title&quot;:&quot;&quot;,&quot;orientation&quot;:&quot;0&quot;}\" data-image-title=\"skyway&#8211;funivie-monte-bianco\" data-image-description=\"\" data-medium-file=\"https:\/\/i2.wp.com\/www.lesvraisrayons.it\/wp-content\/uploads\/2017\/06\/skyway-funivie-monte-bianco.jpg?fit=300%2C169\" data-large-file=\"https:\/\/i2.wp.com\/www.lesvraisrayons.it\/wp-content\/uploads\/2017\/06\/skyway-funivie-monte-bianco.jpg?fit=700%2C394\" src=\"https:\/\/i2.wp.com\/www.lesvraisrayons.it\/wp-content\/uploads\/2017\/06\/skyway-funivie-monte-bianco.jpg?w=302&#038;h=170\" width=\"302\" height=\"170\" data-original-width=\"302\" data-original-height=\"170\" itemprop=\"http:\/\/schema.org\/image\" title=\"skyway--funivie-monte-bianco\" alt=\"skyway--funivie-monte-bianco\" style=\"width: 302px; height: 170px;\" \/> <\/a> <\/div> <\/div> <!-- close group --> <div class=\"gallery-group images-3\" style=\"width: 328px; height: 708px;\" data-original-width=\"328\" data-original-height=\"708\" > <div class=\"tiled-gallery-item tiled-gallery-item-large\" itemprop=\"associatedMedia\" itemscope itemtype=\"http:\/\/schema.org\/ImageObject\"> <a href=\"http:\/\/www.lesvraisrayons.it\/?attachment_id=663\" border=\"0\" itemprop=\"url\"> <meta itemprop=\"width\" content=\"324\"> <meta itemprop=\"height\" content=\"242\"> <img loading=\"lazy\" decoding=\"async\" data-attachment-id=\"663\" data-orig-file=\"http:\/\/www.lesvraisrayons.it\/wp-content\/uploads\/2016\/02\/jewels-of-the-alps-terme-di-saint-vincent-6.jpg\" data-orig-size=\"980,732\" data-comments-opened=\"\" data-image-meta=\"{&quot;aperture&quot;:&quot;0&quot;,&quot;credit&quot;:&quot;&quot;,&quot;camera&quot;:&quot;&quot;,&quot;caption&quot;:&quot;&quot;,&quot;created_timestamp&quot;:&quot;0&quot;,&quot;copyright&quot;:&quot;&quot;,&quot;focal_length&quot;:&quot;0&quot;,&quot;iso&quot;:&quot;0&quot;,&quot;shutter_speed&quot;:&quot;0&quot;,&quot;title&quot;:&quot;&quot;,&quot;orientation&quot;:&quot;0&quot;}\" data-image-title=\"Termestvincent\" data-image-description=\"\" data-medium-file=\"https:\/\/i2.wp.com\/www.lesvraisrayons.it\/wp-content\/uploads\/2016\/02\/jewels-of-the-alps-terme-di-saint-vincent-6.jpg?fit=300%2C224\" data-large-file=\"https:\/\/i2.wp.com\/www.lesvraisrayons.it\/wp-content\/uploads\/2016\/02\/jewels-of-the-alps-terme-di-saint-vincent-6.jpg?fit=900%2C672\" src=\"https:\/\/i2.wp.com\/www.lesvraisrayons.it\/wp-content\/uploads\/2016\/02\/jewels-of-the-alps-terme-di-saint-vincent-6.jpg?w=324&#038;h=242\" width=\"324\" height=\"242\" data-original-width=\"324\" data-original-height=\"242\" itemprop=\"http:\/\/schema.org\/image\" title=\"Termestvincent\" alt=\"Termestvincent\" style=\"width: 324px; height: 242px;\" \/> <\/a> <\/div> <div class=\"tiled-gallery-item tiled-gallery-item-large\" itemprop=\"associatedMedia\" itemscope itemtype=\"http:\/\/schema.org\/ImageObject\"> <a href=\"http:\/\/www.lesvraisrayons.it\/index.php\/un-particolare-benvenuto\/forte-di-bard\/\" border=\"0\" itemprop=\"url\"> <meta itemprop=\"width\" content=\"324\"> <meta itemprop=\"height\" content=\"233\"> <img loading=\"lazy\" decoding=\"async\" data-attachment-id=\"605\" data-orig-file=\"http:\/\/www.lesvraisrayons.it\/wp-content\/uploads\/2015\/12\/0607080001.jpg\" data-orig-size=\"800,575\" data-comments-opened=\"\" data-image-meta=\"{&quot;aperture&quot;:&quot;0&quot;,&quot;credit&quot;:&quot;Alessandro Zambianchi&quot;,&quot;camera&quot;:&quot;&quot;,&quot;caption&quot;:&quot;&quot;,&quot;created_timestamp&quot;:&quot;0&quot;,&quot;copyright&quot;:&quot;\\u00a9 2007 Alessandro Zambianchi&quot;,&quot;focal_length&quot;:&quot;0&quot;,&quot;iso&quot;:&quot;0&quot;,&quot;shutter_speed&quot;:&quot;0&quot;,&quot;title&quot;:&quot;Forte di Bard&quot;,&quot;orientation&quot;:&quot;0&quot;}\" data-image-title=\"Forte di Bard\" data-image-description=\"\" data-medium-file=\"https:\/\/i0.wp.com\/www.lesvraisrayons.it\/wp-content\/uploads\/2015\/12\/0607080001.jpg?fit=300%2C216\" data-large-file=\"https:\/\/i0.wp.com\/www.lesvraisrayons.it\/wp-content\/uploads\/2015\/12\/0607080001.jpg?fit=800%2C575\" src=\"https:\/\/i0.wp.com\/www.lesvraisrayons.it\/wp-content\/uploads\/2015\/12\/0607080001.jpg?w=324&#038;h=233\" width=\"324\" height=\"233\" data-original-width=\"324\" data-original-height=\"233\" itemprop=\"http:\/\/schema.org\/image\" title=\"Forte di Bard\" alt=\"Forte di Bard\" style=\"width: 324px; height: 233px;\" \/> <\/a> <\/div> <div class=\"tiled-gallery-item tiled-gallery-item-large\" itemprop=\"associatedMedia\" itemscope itemtype=\"http:\/\/schema.org\/ImageObject\"> <a href=\"http:\/\/www.lesvraisrayons.it\/index.php\/un-particolare-benvenuto\/capodanno-terme-aosta-pre-saint-didier\/\" border=\"0\" itemprop=\"url\"> <meta itemprop=\"width\" content=\"324\"> <meta itemprop=\"height\" content=\"221\"> <img loading=\"lazy\" decoding=\"async\" data-attachment-id=\"607\" data-orig-file=\"http:\/\/www.lesvraisrayons.it\/wp-content\/uploads\/2015\/12\/capodanno-terme-aosta-pre-saint-didier.jpg\" data-orig-size=\"700,476\" data-comments-opened=\"\" data-image-meta=\"{&quot;aperture&quot;:&quot;0&quot;,&quot;credit&quot;:&quot;&quot;,&quot;camera&quot;:&quot;&quot;,&quot;caption&quot;:&quot;&quot;,&quot;created_timestamp&quot;:&quot;0&quot;,&quot;copyright&quot;:&quot;&quot;,&quot;focal_length&quot;:&quot;0&quot;,&quot;iso&quot;:&quot;0&quot;,&quot;shutter_speed&quot;:&quot;0&quot;,&quot;title&quot;:&quot;&quot;,&quot;orientation&quot;:&quot;0&quot;}\" data-image-title=\"capodanno-terme-aosta-pre-saint-didier\" data-image-description=\"\" data-medium-file=\"https:\/\/i1.wp.com\/www.lesvraisrayons.it\/wp-content\/uploads\/2015\/12\/capodanno-terme-aosta-pre-saint-didier.jpg?fit=300%2C204\" data-large-file=\"https:\/\/i1.wp.com\/www.lesvraisrayons.it\/wp-content\/uploads\/2015\/12\/capodanno-terme-aosta-pre-saint-didier.jpg?fit=700%2C476\" src=\"https:\/\/i1.wp.com\/www.lesvraisrayons.it\/wp-content\/uploads\/2015\/12\/capodanno-terme-aosta-pre-saint-didier.jpg?w=324&#038;h=221\" width=\"324\" height=\"221\" data-original-width=\"324\" data-original-height=\"221\" itemprop=\"http:\/\/schema.org\/image\" title=\"capodanno-terme-aosta-pre-saint-didier\" alt=\"capodanno-terme-aosta-pre-saint-didier\" style=\"width: 324px; height: 221px;\" \/> <\/a> <\/div> <\/div> <!-- close group --> <\/div> <!-- close row --> <\/div>\n","protected":false},"excerpt":{"rendered":"<p>15 Idee per scoprire la Valle d&#8217;Aosta Per un soggiorno in cui la curiosit\u00e0 si [&hellip;]<\/p>\n","protected":false},"author":21,"featured_media":0,"comment_status":"closed","ping_status":"open","sticky":false,"template":"","format":"link","meta":{"spay_email":"","footnotes":""},"categories":[38,1,39,33],"tags":[],"class_list":["post-824","post","type-post","status-publish","format-link","hentry","category-attivita","category-les-vrais-rayons","category-percorsi","category-valle-d-aosta","post_format-post-format-link"],"jetpack_featured_media_url":"","jetpack_sharing_enabled":true,"jetpack-related-posts":[{"id":727,"url":"http:\/\/www.lesvraisrayons.it\/index.php\/un-giro-dei-giganti\/","url_meta":{"origin":824,"position":0},"title":"Un giro dei giganti","date":"Maggio 23, 2016","format":false,"excerpt":"Un'escursione per scoprire i giganti della Valle d'Aosta. Il\u00a0Giro dei Giganti\u00a0\u00e8 un trekking ad anello in 7 tappe che attraversa tutta la Valle d'Aosta, passando ai piedi dei 4 Giganti delle Alpi\u00a0e che\u00a0collega, con alcune varianti, gli itinerari dell'AltaVia1\u00a0e dell'AltaVia2. (Fonte:LoveVDA)","rel":"","context":"In &quot;Attivit\u00e0&quot;","img":{"alt_text":"","src":"https:\/\/i1.wp.com\/www.lesvraisrayons.it\/wp-content\/uploads\/2016\/05\/TDG.jpg?resize=350%2C200","width":350,"height":200},"classes":[]},{"id":730,"url":"http:\/\/www.lesvraisrayons.it\/index.php\/non-solo-mtb-i-percorsi-per-i-motociclisti\/","url_meta":{"origin":824,"position":1},"title":"Non solo MTB...i percorsi  per i motociclisti","date":"Maggio 23, 2016","format":false,"excerpt":"Diciotto tragitti consigliati, per scoprire la Valle d\u2019Aosta in moto, \u00a0per conoscere luoghi che sfuggono ai turisti meno attenti e divertirsi tra curve e tornanti mozzafiato. Da aprile ad ottobre, si pu\u00f2 scegliere il percorso preferito, certi di non lasciarsi sfuggire i luoghi da visitare, i tratti panoramici e i\u2026","rel":"","context":"In &quot;Attivit\u00e0&quot;","img":{"alt_text":"","src":"https:\/\/i2.wp.com\/www.lesvraisrayons.it\/wp-content\/uploads\/2016\/05\/mappa-moto-valle-aosta-5.jpg?resize=350%2C200","width":350,"height":200},"classes":[]},{"id":591,"url":"http:\/\/www.lesvraisrayons.it\/index.php\/osservatorio-astronomico-della-regione-autonoma-valle-daosta\/","url_meta":{"origin":824,"position":2},"title":"Osservatorio Astronomico della Regione Autonoma Valle d\u2019Aosta","date":"Gennaio 4, 2016","format":"link","excerpt":"Precisi studi meteorologici hanno stabilito che Saint-Barth\u00e9lemy \u00e8 un sito che dispone di oltre 250 nottate serene all\u2019anno. Un bassissimo inquinamento luminoso ed una bassa turbolenza atmosferica fanno di questa localit\u00e0 il luogo ideale per l\u2019osservazione astronomica. Saint-Barth\u00e9lemy \u00e8 una localit\u00e0 montana della Valle d\u2019Aosta a 1.600 metri d\u2019altitudine ad\u2026","rel":"","context":"In &quot;Attivit\u00e0&quot;","img":{"alt_text":"","src":"https:\/\/i0.wp.com\/www.lesvraisrayons.it\/wp-content\/uploads\/2016\/01\/oss_04-300x225.jpg?resize=350%2C200","width":350,"height":200},"classes":[]},{"id":800,"url":"http:\/\/www.lesvraisrayons.it\/index.php\/febbraio-con-gli-insoliti-carnevali-della-valle-daosta\/","url_meta":{"origin":824,"position":3},"title":"Febbraio con gli insoliti carnevali della Valle d'Aosta","date":"Febbraio 11, 2017","format":"link","excerpt":"Rievocazioni storiche, costumi insoliti, momenti di grande festa e coesione sociale nei quali \u00e8 coinvolta tutta la popolazione: scoprite i carnevali\u00a0di Verr\u00e8s, Pont-Saint-Martin,\u00a0della \"Coumba Freide\" e tutte le altre feste\u00a0in maschera della Valle d'Aosta. (fonte LoveVDA)","rel":"","context":"In &quot;Appuntamenti&quot;","img":{"alt_text":"","src":"https:\/\/i0.wp.com\/www.lesvraisrayons.it\/wp-content\/uploads\/2017\/02\/VALLE-DAOSTA-Costumi-Carnevale-Verres-foto-Enrico-Romanzi-1737-2.jpg?resize=350%2C200","width":350,"height":200},"classes":[]},{"id":737,"url":"http:\/\/www.lesvraisrayons.it\/index.php\/lestate-valdostana-magia-fiabe-fumetti-cibo-e-musicastelle\/","url_meta":{"origin":824,"position":4},"title":"L'estate valdostana: magia, fiabe, fumetti, cibo e musicastelle","date":"Maggio 31, 2016","format":false,"excerpt":"\u00abMusicastelle Outdoor\u00bb con cinque concerti dal 16 al 26 luglio: il 16 a Etroubles Daniele Silvestri, il 17 a Champorcher Dolcenera, il 23 a Verrayes Alex Britti, il 24 luglio a La Thuile Roberto Vecchioni e il 26 luglio nella piazza d'Armi del Forte di Bard il pianista Ezio Bosso.\u2026","rel":"","context":"In &quot;Appuntamenti&quot;","img":{"alt_text":"","src":"https:\/\/i0.wp.com\/www.lesvraisrayons.it\/wp-content\/uploads\/2016\/05\/64786-300x225.jpeg?resize=350%2C200","width":350,"height":200},"classes":[]},{"id":693,"url":"http:\/\/www.lesvraisrayons.it\/index.php\/master-wildlife-photographer-7-8-maggio-2016\/","url_meta":{"origin":824,"position":5},"title":"Master Wildlife Photographer 7- 8 Maggio 2016","date":"Marzo 9, 2016","format":false,"excerpt":"Nell\u2019ambito della mostra Wildlife Phtoographer of the Year 2016, il Forte di Bard propone un master con modalit\u00e0 residenziale. Il master, tenuto dai docenti Stefano Unterthiner (stefanounterthiner.com), fotografo di fama internazionale e EmanueleBiggi (anura.it), conduttore del programma Geo su Raitre, offre un percorso formativo altamente qualificato con professionisti del settore,\u2026","rel":"","context":"In &quot;Appuntamenti&quot;","img":{"alt_text":"","src":"","width":0,"height":0},"classes":[]}],"_links":{"self":[{"href":"http:\/\/www.lesvraisrayons.it\/index.php\/wp-json\/wp\/v2\/posts\/824","targetHints":{"allow":["GET"]}}],"collection":[{"href":"http:\/\/www.lesvraisrayons.it\/index.php\/wp-json\/wp\/v2\/posts"}],"about":[{"href":"http:\/\/www.lesvraisrayons.it\/index.php\/wp-json\/wp\/v2\/types\/post"}],"author":[{"embeddable":true,"href":"http:\/\/www.lesvraisrayons.it\/index.php\/wp-json\/wp\/v2\/users\/21"}],"replies":[{"embeddable":true,"href":"http:\/\/www.lesvraisrayons.it\/index.php\/wp-json\/wp\/v2\/comments?post=824"}],"version-history":[{"count":7,"href":"http:\/\/www.lesvraisrayons.it\/index.php\/wp-json\/wp\/v2\/posts\/824\/revisions"}],"predecessor-version":[{"id":831,"href":"http:\/\/www.lesvraisrayons.it\/index.php\/wp-json\/wp\/v2\/posts\/824\/revisions\/831"}],"wp:attachment":[{"href":"http:\/\/www.lesvraisrayons.it\/index.php\/wp-json\/wp\/v2\/media?parent=824"}],"wp:term":[{"taxonomy":"category","embeddable":true,"href":"http:\/\/www.lesvraisrayons.it\/index.php\/wp-json\/wp\/v2\/categories?post=824"},{"taxonomy":"post_tag","embeddable":true,"href":"http:\/\/www.lesvraisrayons.it\/index.php\/wp-json\/wp\/v2\/tags?post=824"}],"curies":[{"name":"wp","href":"https:\/\/api.w.org\/{rel}","templated":true}]}}