{"id":722,"date":"2016-05-23T20:36:07","date_gmt":"2016-05-23T20:36:07","guid":{"rendered":"http:\/\/www.lesvraisrayons.it\/?p=722"},"modified":"2016-05-23T20:40:06","modified_gmt":"2016-05-23T20:40:06","slug":"enonauti-domenica-29-maggio-cantine-aperte-vi-aspetta","status":"publish","type":"post","link":"http:\/\/www.lesvraisrayons.it\/index.php\/enonauti-domenica-29-maggio-cantine-aperte-vi-aspetta\/","title":{"rendered":"Enonauti, domenica 29 Maggio, &#8220;Cantine Aperte&#8221; vi aspetta!"},"content":{"rendered":"<p><img loading=\"lazy\" decoding=\"async\" data-attachment-id=\"723\" data-permalink=\"http:\/\/www.lesvraisrayons.it\/index.php\/enonauti-domenica-29-maggio-cantine-aperte-vi-aspetta\/cantine-aperte-700x375\/\" data-orig-file=\"https:\/\/i0.wp.com\/www.lesvraisrayons.it\/wp-content\/uploads\/2016\/05\/cantine-aperte-700x375.jpg?fit=700%2C375\" data-orig-size=\"700,375\" data-comments-opened=\"0\" data-image-meta=\"{&quot;aperture&quot;:&quot;0&quot;,&quot;credit&quot;:&quot;&quot;,&quot;camera&quot;:&quot;&quot;,&quot;caption&quot;:&quot;&quot;,&quot;created_timestamp&quot;:&quot;0&quot;,&quot;copyright&quot;:&quot;&quot;,&quot;focal_length&quot;:&quot;0&quot;,&quot;iso&quot;:&quot;0&quot;,&quot;shutter_speed&quot;:&quot;0&quot;,&quot;title&quot;:&quot;&quot;,&quot;orientation&quot;:&quot;0&quot;}\" data-image-title=\"cantine-aperte-700&#215;375\" data-image-description=\"\" data-image-caption=\"\" data-medium-file=\"https:\/\/i0.wp.com\/www.lesvraisrayons.it\/wp-content\/uploads\/2016\/05\/cantine-aperte-700x375.jpg?fit=300%2C161\" data-large-file=\"https:\/\/i0.wp.com\/www.lesvraisrayons.it\/wp-content\/uploads\/2016\/05\/cantine-aperte-700x375.jpg?fit=700%2C375\" class=\"alignleft size-full wp-image-723\" src=\"https:\/\/i0.wp.com\/www.lesvraisrayons.it\/wp-content\/uploads\/2016\/05\/cantine-aperte-700x375.jpg?resize=700%2C375\" alt=\"cantine-aperte-700x375\" width=\"700\" height=\"375\" srcset=\"https:\/\/i0.wp.com\/www.lesvraisrayons.it\/wp-content\/uploads\/2016\/05\/cantine-aperte-700x375.jpg?resize=700%2C375 700w, https:\/\/i0.wp.com\/www.lesvraisrayons.it\/wp-content\/uploads\/2016\/05\/cantine-aperte-700x375.jpg?resize=300%2C161 300w\" sizes=\"auto, (max-width: 700px) 100vw, 700px\" data-recalc-dims=\"1\" \/>L\u2019ultima domenica di maggio dalle 10 alle 18 un tour della valle per degustare le eccellenze vinicole valdostane. L\u2019unico costo \u00e8 quello del bicchiere di vetro (10,00 euro) che si pu\u00f2 acquistare presso ogni azienda vinicola (<a title=\"Cantine Aperte valdostane\" href=\"http:\/\/www.lovevda.it\/it\/banca-dati\/2\/eventi-enogastronomici\/valle-d-aosta\/cantine-aperte\/25712\" target=\"_blank\">elenco completo<\/a>) il cui ricavato viene devoluto in beneficenza. (Fonte: <a title=\"Cantine aperte -LoveVDA \" href=\"http:\/\/www.lovevda.it\/it\/banca-dati\/2\/eventi-enogastronomici\/valle-d-aosta\/cantine-aperte\/25712\" target=\"_blank\">LoveVda<\/a>)<\/p>\n","protected":false},"excerpt":{"rendered":"<p>L\u2019ultima domenica di maggio dalle 10 alle 18 un tour della valle per degustare le [&hellip;]<\/p>\n","protected":false},"author":22,"featured_media":0,"comment_status":"closed","ping_status":"open","sticky":false,"template":"","format":"standard","meta":{"spay_email":"","footnotes":""},"categories":[36,38,37,23,42,39,33],"tags":[],"class_list":["post-722","post","type-post","status-publish","format-standard","hentry","category-appuntamenti","category-attivita","category-cibo","category-feste-eventi-sagre","category-news","category-percorsi","category-valle-d-aosta"],"jetpack_featured_media_url":"","jetpack_sharing_enabled":true,"jetpack-related-posts":[{"id":693,"url":"http:\/\/www.lesvraisrayons.it\/index.php\/master-wildlife-photographer-7-8-maggio-2016\/","url_meta":{"origin":722,"position":0},"title":"Master Wildlife Photographer 7- 8 Maggio 2016","date":"March 9, 2016","format":false,"excerpt":"Nell\u2019ambito della mostra Wildlife Phtoographer of the Year 2016, il Forte di Bard propone un master con modalit\u00e0 residenziale. Il master, tenuto dai docenti Stefano Unterthiner (stefanounterthiner.com), fotografo di fama internazionale e EmanueleBiggi (anura.it), conduttore del programma Geo su Raitre, offre un percorso formativo altamente qualificato con professionisti del settore,\u2026","rel":"","context":"In &quot;Appuntamenti&quot;","img":{"alt_text":"","src":"","width":0,"height":0},"classes":[]},{"id":824,"url":"http:\/\/www.lesvraisrayons.it\/index.php\/15-idee-per-scoprire-la-valle-daosta\/","url_meta":{"origin":722,"position":1},"title":"15 Idee per scoprire la Valle d'Aosta","date":"June 23, 2017","format":"link","excerpt":"15 Idee per scoprire la Valle d'Aosta Per un soggiorno in cui la curiosit\u00e0 si unisce al benessere, tante idee per scoprire i mille volti di un territorio tra natura, storia e cultura ecco le proposte di\u00a0Travel365 \u00a0","rel":"","context":"In &quot;Attivit\u00e0&quot;","img":{"alt_text":"","src":"https:\/\/i0.wp.com\/www.lesvraisrayons.it\/wp-content\/uploads\/2017\/06\/WP_20170607_08_21_37_Pro.jpg?resize=350%2C200","width":350,"height":200},"classes":[]},{"id":800,"url":"http:\/\/www.lesvraisrayons.it\/index.php\/febbraio-con-gli-insoliti-carnevali-della-valle-daosta\/","url_meta":{"origin":722,"position":2},"title":"Febbraio con gli insoliti carnevali della Valle d'Aosta","date":"February 11, 2017","format":"link","excerpt":"Rievocazioni storiche, costumi insoliti, momenti di grande festa e coesione sociale nei quali \u00e8 coinvolta tutta la popolazione: scoprite i carnevali\u00a0di Verr\u00e8s, Pont-Saint-Martin,\u00a0della \"Coumba Freide\" e tutte le altre feste\u00a0in maschera della Valle d'Aosta. (fonte LoveVDA)","rel":"","context":"In &quot;Appuntamenti&quot;","img":{"alt_text":"","src":"https:\/\/i0.wp.com\/www.lesvraisrayons.it\/wp-content\/uploads\/2017\/02\/VALLE-DAOSTA-Costumi-Carnevale-Verres-foto-Enrico-Romanzi-1737-2.jpg?resize=350%2C200","width":350,"height":200},"classes":[]},{"id":591,"url":"http:\/\/www.lesvraisrayons.it\/index.php\/osservatorio-astronomico-della-regione-autonoma-valle-daosta\/","url_meta":{"origin":722,"position":3},"title":"Osservatorio Astronomico della Regione Autonoma Valle d\u2019Aosta","date":"January 4, 2016","format":"link","excerpt":"Precisi studi meteorologici hanno stabilito che Saint-Barth\u00e9lemy \u00e8 un sito che dispone di oltre 250 nottate serene all\u2019anno. Un bassissimo inquinamento luminoso ed una bassa turbolenza atmosferica fanno di questa localit\u00e0 il luogo ideale per l\u2019osservazione astronomica. Saint-Barth\u00e9lemy \u00e8 una localit\u00e0 montana della Valle d\u2019Aosta a 1.600 metri d\u2019altitudine ad\u2026","rel":"","context":"In &quot;Attivit\u00e0&quot;","img":{"alt_text":"","src":"https:\/\/i0.wp.com\/www.lesvraisrayons.it\/wp-content\/uploads\/2016\/01\/oss_04-300x225.jpg?resize=350%2C200","width":350,"height":200},"classes":[]},{"id":727,"url":"http:\/\/www.lesvraisrayons.it\/index.php\/un-giro-dei-giganti\/","url_meta":{"origin":722,"position":4},"title":"Un giro dei giganti","date":"May 23, 2016","format":false,"excerpt":"Un'escursione per scoprire i giganti della Valle d'Aosta. Il\u00a0Giro dei Giganti\u00a0\u00e8 un trekking ad anello in 7 tappe che attraversa tutta la Valle d'Aosta, passando ai piedi dei 4 Giganti delle Alpi\u00a0e che\u00a0collega, con alcune varianti, gli itinerari dell'AltaVia1\u00a0e dell'AltaVia2. (Fonte:LoveVDA)","rel":"","context":"In &quot;Attivit\u00e0&quot;","img":{"alt_text":"","src":"https:\/\/i1.wp.com\/www.lesvraisrayons.it\/wp-content\/uploads\/2016\/05\/TDG.jpg?resize=350%2C200","width":350,"height":200},"classes":[]},{"id":730,"url":"http:\/\/www.lesvraisrayons.it\/index.php\/non-solo-mtb-i-percorsi-per-i-motociclisti\/","url_meta":{"origin":722,"position":5},"title":"Non solo MTB...i percorsi  per i motociclisti","date":"May 23, 2016","format":false,"excerpt":"Diciotto tragitti consigliati, per scoprire la Valle d\u2019Aosta in moto, \u00a0per conoscere luoghi che sfuggono ai turisti meno attenti e divertirsi tra curve e tornanti mozzafiato. Da aprile ad ottobre, si pu\u00f2 scegliere il percorso preferito, certi di non lasciarsi sfuggire i luoghi da visitare, i tratti panoramici e i\u2026","rel":"","context":"In &quot;Attivit\u00e0&quot;","img":{"alt_text":"","src":"https:\/\/i2.wp.com\/www.lesvraisrayons.it\/wp-content\/uploads\/2016\/05\/mappa-moto-valle-aosta-5.jpg?resize=350%2C200","width":350,"height":200},"classes":[]}],"_links":{"self":[{"href":"http:\/\/www.lesvraisrayons.it\/index.php\/wp-json\/wp\/v2\/posts\/722","targetHints":{"allow":["GET"]}}],"collection":[{"href":"http:\/\/www.lesvraisrayons.it\/index.php\/wp-json\/wp\/v2\/posts"}],"about":[{"href":"http:\/\/www.lesvraisrayons.it\/index.php\/wp-json\/wp\/v2\/types\/post"}],"author":[{"embeddable":true,"href":"http:\/\/www.lesvraisrayons.it\/index.php\/wp-json\/wp\/v2\/users\/22"}],"replies":[{"embeddable":true,"href":"http:\/\/www.lesvraisrayons.it\/index.php\/wp-json\/wp\/v2\/comments?post=722"}],"version-history":[{"count":3,"href":"http:\/\/www.lesvraisrayons.it\/index.php\/wp-json\/wp\/v2\/posts\/722\/revisions"}],"predecessor-version":[{"id":726,"href":"http:\/\/www.lesvraisrayons.it\/index.php\/wp-json\/wp\/v2\/posts\/722\/revisions\/726"}],"wp:attachment":[{"href":"http:\/\/www.lesvraisrayons.it\/index.php\/wp-json\/wp\/v2\/media?parent=722"}],"wp:term":[{"taxonomy":"category","embeddable":true,"href":"http:\/\/www.lesvraisrayons.it\/index.php\/wp-json\/wp\/v2\/categories?post=722"},{"taxonomy":"post_tag","embeddable":true,"href":"http:\/\/www.lesvraisrayons.it\/index.php\/wp-json\/wp\/v2\/tags?post=722"}],"curies":[{"name":"wp","href":"https:\/\/api.w.org\/{rel}","templated":true}]}}