{"id":693,"date":"2016-03-09T17:58:26","date_gmt":"2016-03-09T17:58:26","guid":{"rendered":"http:\/\/www.lesvraisrayons.it\/?p=693"},"modified":"2016-03-09T17:58:26","modified_gmt":"2016-03-09T17:58:26","slug":"master-wildlife-photographer-7-8-maggio-2016","status":"publish","type":"post","link":"http:\/\/www.lesvraisrayons.it\/index.php\/master-wildlife-photographer-7-8-maggio-2016\/","title":{"rendered":"Master Wildlife Photographer 7- 8 Maggio 2016"},"content":{"rendered":"<p>Nell\u2019ambito della mostra <a href=\"http:\/\/www.fortedibard.it\/content\/wildlife-photographer-year-2016-forte-di-bard\">Wildlife Phtoographer of the Year 2016<\/a>, il Forte di Bard propone un master con modalit\u00e0 residenziale.<\/p>\n<p>Il master, tenuto dai docenti <strong>Stefano<\/strong> <strong>Unterthiner (<a href=\"http:\/\/www.stefanounterthiner.com\/\">stefanounterthiner.com<\/a>)<\/strong>, fotografo di fama internazionale e <strong>Emanuele<\/strong><strong>Biggi (<a href=\"http:\/\/www.anura.it\/\">anura.it<\/a>)<\/strong>, conduttore del programma Geo su Raitre, offre un percorso formativo altamente qualificato con professionisti del settore, dedicato all\u2019approfondimento delle tecniche di fotografia naturalistica, alla lettura del portfolio dei partecipanti e all\u2019utilizzo degli strumenti di fotoritocco. Il master si terr\u00e0 il <strong>7<\/strong> e <strong>8<\/strong> <strong>maggio<\/strong> <strong>2016<\/strong>\u00a0 e contempla oltre all\u2019attivit\u00e0 in aula anche un\u2019uscita in un\u2019area naturalistica della Valle d\u2019Aosta. (Fonte <a title=\"Master in fotografia naturalistica \" href=\"http:\/\/www.fortedibard.it\/eventi\/eventi\/maggio-il-master-di-fotografia-naturalistica\" target=\"_blank\">www.fortedibard.it<\/a>)<\/p>\n","protected":false},"excerpt":{"rendered":"<p>Nell\u2019ambito della mostra Wildlife Phtoographer of the Year 2016, il Forte di Bard propone un [&hellip;]<\/p>\n","protected":false},"author":22,"featured_media":0,"comment_status":"closed","ping_status":"open","sticky":false,"template":"","format":"standard","meta":{"spay_email":"","footnotes":""},"categories":[36,38,23,1,42,33],"tags":[],"class_list":["post-693","post","type-post","status-publish","format-standard","hentry","category-appuntamenti","category-attivita","category-feste-eventi-sagre","category-les-vrais-rayons","category-news","category-valle-d-aosta"],"jetpack_featured_media_url":"","jetpack_sharing_enabled":true,"jetpack-related-posts":[{"id":727,"url":"http:\/\/www.lesvraisrayons.it\/index.php\/un-giro-dei-giganti\/","url_meta":{"origin":693,"position":0},"title":"Un giro dei giganti","date":"May 23, 2016","format":false,"excerpt":"Un'escursione per scoprire i giganti della Valle d'Aosta. Il\u00a0Giro dei Giganti\u00a0\u00e8 un trekking ad anello in 7 tappe che attraversa tutta la Valle d'Aosta, passando ai piedi dei 4 Giganti delle Alpi\u00a0e che\u00a0collega, con alcune varianti, gli itinerari dell'AltaVia1\u00a0e dell'AltaVia2. (Fonte:LoveVDA)","rel":"","context":"In &quot;Attivit\u00e0&quot;","img":{"alt_text":"","src":"https:\/\/i1.wp.com\/www.lesvraisrayons.it\/wp-content\/uploads\/2016\/05\/TDG.jpg?resize=350%2C200","width":350,"height":200},"classes":[]},{"id":722,"url":"http:\/\/www.lesvraisrayons.it\/index.php\/enonauti-domenica-29-maggio-cantine-aperte-vi-aspetta\/","url_meta":{"origin":693,"position":1},"title":"Enonauti, domenica 29 Maggio, \"Cantine Aperte\" vi aspetta!","date":"May 23, 2016","format":false,"excerpt":"L\u2019ultima domenica di maggio dalle 10 alle 18 un tour della valle per degustare le eccellenze vinicole valdostane. L\u2019unico costo \u00e8 quello del bicchiere di vetro (10,00 euro) che si pu\u00f2 acquistare presso ogni azienda vinicola (elenco completo) il cui ricavato viene devoluto in beneficenza. (Fonte: LoveVda)","rel":"","context":"In &quot;Appuntamenti&quot;","img":{"alt_text":"","src":"https:\/\/i0.wp.com\/www.lesvraisrayons.it\/wp-content\/uploads\/2016\/05\/cantine-aperte-700x375.jpg?resize=350%2C200","width":350,"height":200},"classes":[]},{"id":824,"url":"http:\/\/www.lesvraisrayons.it\/index.php\/15-idee-per-scoprire-la-valle-daosta\/","url_meta":{"origin":693,"position":2},"title":"15 Idee per scoprire la Valle d'Aosta","date":"June 23, 2017","format":"link","excerpt":"15 Idee per scoprire la Valle d'Aosta Per un soggiorno in cui la curiosit\u00e0 si unisce al benessere, tante idee per scoprire i mille volti di un territorio tra natura, storia e cultura ecco le proposte di\u00a0Travel365 \u00a0","rel":"","context":"In &quot;Attivit\u00e0&quot;","img":{"alt_text":"","src":"https:\/\/i0.wp.com\/www.lesvraisrayons.it\/wp-content\/uploads\/2017\/06\/WP_20170607_08_21_37_Pro.jpg?resize=350%2C200","width":350,"height":200},"classes":[]},{"id":374,"url":"http:\/\/www.lesvraisrayons.it\/index.php\/festa-del-vischio-saint-denis-8-dicembre-2016\/","url_meta":{"origin":693,"position":3},"title":"Festa del Vischio - 8 dicembre 2016 (Saint-Denis)","date":"December 7, 2015","format":"link","excerpt":"\u00a0 Il vischio costituiva un elemento importante della tradizione celtica, all\u2019origine di molti riti e leggende. Celebrandone la raccolta, che tradizionalmente precede le festivit\u00e0 natalizie, la festa, che si svolge intorno al mercatino del vischio, dove si possono trovare anche prodotti tipici della gastronomia locale, \u00e8 resa ancor pi\u00f9 suggestiva\u2026","rel":"","context":"In &quot;Appuntamenti&quot;","img":{"alt_text":"dreamstime_m_47619653","src":"https:\/\/i1.wp.com\/www.lesvraisrayons.it\/wp-content\/uploads\/2015\/12\/dreamstime_m_47619653-1024x717.jpg?resize=350%2C200","width":350,"height":200},"classes":[]},{"id":591,"url":"http:\/\/www.lesvraisrayons.it\/index.php\/osservatorio-astronomico-della-regione-autonoma-valle-daosta\/","url_meta":{"origin":693,"position":4},"title":"Osservatorio Astronomico della Regione Autonoma Valle d\u2019Aosta","date":"January 4, 2016","format":"link","excerpt":"Precisi studi meteorologici hanno stabilito che Saint-Barth\u00e9lemy \u00e8 un sito che dispone di oltre 250 nottate serene all\u2019anno. Un bassissimo inquinamento luminoso ed una bassa turbolenza atmosferica fanno di questa localit\u00e0 il luogo ideale per l\u2019osservazione astronomica. Saint-Barth\u00e9lemy \u00e8 una localit\u00e0 montana della Valle d\u2019Aosta a 1.600 metri d\u2019altitudine ad\u2026","rel":"","context":"In &quot;Attivit\u00e0&quot;","img":{"alt_text":"","src":"https:\/\/i0.wp.com\/www.lesvraisrayons.it\/wp-content\/uploads\/2016\/01\/oss_04-300x225.jpg?resize=350%2C200","width":350,"height":200},"classes":[]},{"id":730,"url":"http:\/\/www.lesvraisrayons.it\/index.php\/non-solo-mtb-i-percorsi-per-i-motociclisti\/","url_meta":{"origin":693,"position":5},"title":"Non solo MTB...i percorsi  per i motociclisti","date":"May 23, 2016","format":false,"excerpt":"Diciotto tragitti consigliati, per scoprire la Valle d\u2019Aosta in moto, \u00a0per conoscere luoghi che sfuggono ai turisti meno attenti e divertirsi tra curve e tornanti mozzafiato. Da aprile ad ottobre, si pu\u00f2 scegliere il percorso preferito, certi di non lasciarsi sfuggire i luoghi da visitare, i tratti panoramici e i\u2026","rel":"","context":"In &quot;Attivit\u00e0&quot;","img":{"alt_text":"","src":"https:\/\/i2.wp.com\/www.lesvraisrayons.it\/wp-content\/uploads\/2016\/05\/mappa-moto-valle-aosta-5.jpg?resize=350%2C200","width":350,"height":200},"classes":[]}],"_links":{"self":[{"href":"http:\/\/www.lesvraisrayons.it\/index.php\/wp-json\/wp\/v2\/posts\/693","targetHints":{"allow":["GET"]}}],"collection":[{"href":"http:\/\/www.lesvraisrayons.it\/index.php\/wp-json\/wp\/v2\/posts"}],"about":[{"href":"http:\/\/www.lesvraisrayons.it\/index.php\/wp-json\/wp\/v2\/types\/post"}],"author":[{"embeddable":true,"href":"http:\/\/www.lesvraisrayons.it\/index.php\/wp-json\/wp\/v2\/users\/22"}],"replies":[{"embeddable":true,"href":"http:\/\/www.lesvraisrayons.it\/index.php\/wp-json\/wp\/v2\/comments?post=693"}],"version-history":[{"count":1,"href":"http:\/\/www.lesvraisrayons.it\/index.php\/wp-json\/wp\/v2\/posts\/693\/revisions"}],"predecessor-version":[{"id":694,"href":"http:\/\/www.lesvraisrayons.it\/index.php\/wp-json\/wp\/v2\/posts\/693\/revisions\/694"}],"wp:attachment":[{"href":"http:\/\/www.lesvraisrayons.it\/index.php\/wp-json\/wp\/v2\/media?parent=693"}],"wp:term":[{"taxonomy":"category","embeddable":true,"href":"http:\/\/www.lesvraisrayons.it\/index.php\/wp-json\/wp\/v2\/categories?post=693"},{"taxonomy":"post_tag","embeddable":true,"href":"http:\/\/www.lesvraisrayons.it\/index.php\/wp-json\/wp\/v2\/tags?post=693"}],"curies":[{"name":"wp","href":"https:\/\/api.w.org\/{rel}","templated":true}]}}