{"id":691,"date":"2016-03-09T17:50:28","date_gmt":"2016-03-09T17:50:28","guid":{"rendered":"http:\/\/www.lesvraisrayons.it\/?p=691"},"modified":"2016-03-09T17:50:28","modified_gmt":"2016-03-09T17:50:28","slug":"baby-snow-park","status":"publish","type":"post","link":"http:\/\/www.lesvraisrayons.it\/index.php\/baby-snow-park\/","title":{"rendered":"Baby Snow Park"},"content":{"rendered":"<p>Parchi gioco sulla neve. I bambini giocano in sicurezza mentre i genitori possono godersi serenamente la montagna. Di seguito i riferimenti per i parchi pi\u00f9 vicini.<\/p>\n<p><strong>Torgnon:<\/strong> All\u2019arrivo della telecabina Mongnod-Chantorn\u00e9, nella soleggiata conca di Chantorn\u00e9, il winter park \u00e8 la principale attrattiva per i pi\u00f9 piccoli ma non solo, l\u2019area giochi conta due tapis roulant, il campo scuola e varie piste per ciambelloni. La baby area comprende scivoli gonfiabili, tappeti elastici, rotocubo, altalena e scivoli, ingresso \u20ac 7,00 oppure pacchetto andata e ritorno + ingresso parco \u20ac 14,00. (<a title=\"Baby snow park Torgnon\" href=\"http:\/\/www.lovevda.it\/it\/banca-dati\/5\/parchi-gioco-sulla-neve\/torgnon\/parco-giochi-sulla-neve-winter-park\/4393\" target=\"_blank\">Fonte LoveVDA<\/a>)<\/p>\n<p><strong>La Magdeleine <\/strong>(<a title=\"Baby snow park La Magdeleine\" href=\"http:\/\/www.lovevda.it\/it\/banca-dati\/5\/parchi-gioco-sulla-neve\/la-magdeleine\/parco-giochi-su-neve\/4178\" target=\"_blank\">Fonte LoveVDA<\/a>)<strong>:\u00a0<\/strong>Nell\u2019area sono presenti:<\/p>\n<ul>\n<li>2 tapis roulants<\/li>\n<li>gonfiabili e giochi<\/li>\n<li>snow bike<\/li>\n<li>snake gliss<\/li>\n<li>snow tubing<\/li>\n<li>giostra girevole<\/li>\n<li>slittini<\/li>\n<\/ul>\n<div class=\"jqueryred jq-ui-dialog-content\">\n<div class=\"ui-dialog ui-widget ui-widget-content ui-corner-all ui-draggable ui-resizable\" tabindex=\"-1\">\n<div class=\"ui-dialog-titlebar ui-widget-header ui-corner-all ui-helper-clearfix\"><span id=\"ui-id-2\" class=\"ui-dialog-title\">Prezzi<\/span><\/div>\n<div id=\"jquery-ui-dialog-divCosti\" class=\"ui-dialog-content ui-widget-content\">\n<div class=\"category-box costs\">\n<div class=\"info-element\">\n<div class=\"category html-block\">\n<p>\u20ac 7,00 giornaliero<br \/>\n\u20ac 5,00 pomeridiano dalle ore 14:00<\/p>\n<p><strong>Valtournenche: Far west baby ski park <\/strong>(<a title=\"Baby snow park Valtournenche \" href=\"http:\/\/www.lovevda.it\/it\/banca-dati\/5\/parchi-gioco-sulla-neve\/valtournenche\/far-west-baby-ski-park\/4395\" target=\"_blank\">Fonte LoveVDA<\/a>) Parco giochi sulla neve, situato all\u2019arrivo della telecabina Valtournenche \u2013 Salette, rinnovato con una forte personalizzazione con soggetti:<\/p>\n<ul>\n<li>cowboys e indiani<\/li>\n<li>2 tapis roulant riservati che servono un\u2019area estesa dove vari gonfiabili come sagome, tunnel, archi, giostra a carosello possono garantire il divertimento dei pi\u00f9 piccini.<\/li>\n<li>Pista di snowtubing che permette una discesa sulla neve senza sci<\/li>\n<\/ul>\n<p><strong>Nus:\u00a0<\/strong>Fun Park presso il nuovo centro fondo alla partenza delle piste di sci nordico in localit\u00e0 Praz de l\u2019Arp a 1950 m. (<a title=\"Baby snow park Nus\" href=\"http:\/\/www.lovevda.it\/it\/banca-dati\/5\/parchi-gioco-sulla-neve\/nus\/baby-snow-park\/4391\" target=\"_blank\">Fonte LoveVDA<\/a>)<\/p>\n<ul>\n<li>tapis roulant di 120 m.<\/li>\n<li>pista per discese in gommone e bob<\/li>\n<li>pista di discesa per principianti.<\/li>\n<li>innevamento programmato.<\/li>\n<\/ul>\n<\/div>\n<\/div>\n<\/div>\n<\/div>\n<\/div>\n<\/div>\n<p>&nbsp;<\/p>\n","protected":false},"excerpt":{"rendered":"<p>Parchi gioco sulla neve. I bambini giocano in sicurezza mentre i genitori possono godersi serenamente [&hellip;]<\/p>\n","protected":false},"author":22,"featured_media":0,"comment_status":"closed","ping_status":"open","sticky":false,"template":"","format":"standard","meta":{"spay_email":"","footnotes":""},"categories":[38,23,1,42,39,33],"tags":[],"class_list":["post-691","post","type-post","status-publish","format-standard","hentry","category-attivita","category-feste-eventi-sagre","category-les-vrais-rayons","category-news","category-percorsi","category-valle-d-aosta"],"jetpack_featured_media_url":"","jetpack_sharing_enabled":true,"jetpack-related-posts":[{"id":730,"url":"http:\/\/www.lesvraisrayons.it\/index.php\/non-solo-mtb-i-percorsi-per-i-motociclisti\/","url_meta":{"origin":691,"position":0},"title":"Non solo MTB...i percorsi  per i motociclisti","date":"May 23, 2016","format":false,"excerpt":"Diciotto tragitti consigliati, per scoprire la Valle d\u2019Aosta in moto, \u00a0per conoscere luoghi che sfuggono ai turisti meno attenti e divertirsi tra curve e tornanti mozzafiato. Da aprile ad ottobre, si pu\u00f2 scegliere il percorso preferito, certi di non lasciarsi sfuggire i luoghi da visitare, i tratti panoramici e i\u2026","rel":"","context":"In &quot;Attivit\u00e0&quot;","img":{"alt_text":"","src":"https:\/\/i2.wp.com\/www.lesvraisrayons.it\/wp-content\/uploads\/2016\/05\/mappa-moto-valle-aosta-5.jpg?resize=350%2C200","width":350,"height":200},"classes":[]},{"id":722,"url":"http:\/\/www.lesvraisrayons.it\/index.php\/enonauti-domenica-29-maggio-cantine-aperte-vi-aspetta\/","url_meta":{"origin":691,"position":1},"title":"Enonauti, domenica 29 Maggio, \"Cantine Aperte\" vi aspetta!","date":"May 23, 2016","format":false,"excerpt":"L\u2019ultima domenica di maggio dalle 10 alle 18 un tour della valle per degustare le eccellenze vinicole valdostane. L\u2019unico costo \u00e8 quello del bicchiere di vetro (10,00 euro) che si pu\u00f2 acquistare presso ogni azienda vinicola (elenco completo) il cui ricavato viene devoluto in beneficenza. (Fonte: LoveVda)","rel":"","context":"In &quot;Appuntamenti&quot;","img":{"alt_text":"","src":"https:\/\/i0.wp.com\/www.lesvraisrayons.it\/wp-content\/uploads\/2016\/05\/cantine-aperte-700x375.jpg?resize=350%2C200","width":350,"height":200},"classes":[]},{"id":800,"url":"http:\/\/www.lesvraisrayons.it\/index.php\/febbraio-con-gli-insoliti-carnevali-della-valle-daosta\/","url_meta":{"origin":691,"position":2},"title":"Febbraio con gli insoliti carnevali della Valle d'Aosta","date":"February 11, 2017","format":"link","excerpt":"Rievocazioni storiche, costumi insoliti, momenti di grande festa e coesione sociale nei quali \u00e8 coinvolta tutta la popolazione: scoprite i carnevali\u00a0di Verr\u00e8s, Pont-Saint-Martin,\u00a0della \"Coumba Freide\" e tutte le altre feste\u00a0in maschera della Valle d'Aosta. (fonte LoveVDA)","rel":"","context":"In &quot;Appuntamenti&quot;","img":{"alt_text":"","src":"https:\/\/i0.wp.com\/www.lesvraisrayons.it\/wp-content\/uploads\/2017\/02\/VALLE-DAOSTA-Costumi-Carnevale-Verres-foto-Enrico-Romanzi-1737-2.jpg?resize=350%2C200","width":350,"height":200},"classes":[]},{"id":374,"url":"http:\/\/www.lesvraisrayons.it\/index.php\/festa-del-vischio-saint-denis-8-dicembre-2016\/","url_meta":{"origin":691,"position":3},"title":"Festa del Vischio - 8 dicembre 2016 (Saint-Denis)","date":"December 7, 2015","format":"link","excerpt":"\u00a0 Il vischio costituiva un elemento importante della tradizione celtica, all\u2019origine di molti riti e leggende. Celebrandone la raccolta, che tradizionalmente precede le festivit\u00e0 natalizie, la festa, che si svolge intorno al mercatino del vischio, dove si possono trovare anche prodotti tipici della gastronomia locale, \u00e8 resa ancor pi\u00f9 suggestiva\u2026","rel":"","context":"In &quot;Appuntamenti&quot;","img":{"alt_text":"dreamstime_m_47619653","src":"https:\/\/i1.wp.com\/www.lesvraisrayons.it\/wp-content\/uploads\/2015\/12\/dreamstime_m_47619653-1024x717.jpg?resize=350%2C200","width":350,"height":200},"classes":[]},{"id":546,"url":"http:\/\/www.lesvraisrayons.it\/index.php\/i-guerrieri-di-xian-aosta-centro-saint-benin-via-festaz-27-fino-al-08052016\/","url_meta":{"origin":691,"position":4},"title":"I guerrieri di Xi\u2019an - Aosta  Centro Saint-B\u00e9nin, via Festaz 27 - fino al 08\/05\/2016","date":"December 11, 2015","format":false,"excerpt":"L\u2019esposizione documenta un particolare momento della ricerca espressiva di uno dei pi\u00f9 significativi protagonisti dell\u2019arte contemporanea, Sandro Chia (Firenze 1946), apparso sulla scena internazionale alla Biennale di Venezia del 1980 con il gruppo dei cinque artisti della Transavanguardia. Da allora la sua opera \u00e8 stata esposta nelle pi\u00f9 importanti rassegne\u2026","rel":"","context":"In &quot;Appuntamenti&quot;","img":{"alt_text":"","src":"https:\/\/i0.wp.com\/www.lesvraisrayons.it\/wp-content\/uploads\/2015\/12\/guerrieri-300x214.jpg?resize=350%2C200","width":350,"height":200},"classes":[]},{"id":693,"url":"http:\/\/www.lesvraisrayons.it\/index.php\/master-wildlife-photographer-7-8-maggio-2016\/","url_meta":{"origin":691,"position":5},"title":"Master Wildlife Photographer 7- 8 Maggio 2016","date":"March 9, 2016","format":false,"excerpt":"Nell\u2019ambito della mostra Wildlife Phtoographer of the Year 2016, il Forte di Bard propone un master con modalit\u00e0 residenziale. Il master, tenuto dai docenti Stefano Unterthiner (stefanounterthiner.com), fotografo di fama internazionale e EmanueleBiggi (anura.it), conduttore del programma Geo su Raitre, offre un percorso formativo altamente qualificato con professionisti del settore,\u2026","rel":"","context":"In &quot;Appuntamenti&quot;","img":{"alt_text":"","src":"","width":0,"height":0},"classes":[]}],"_links":{"self":[{"href":"http:\/\/www.lesvraisrayons.it\/index.php\/wp-json\/wp\/v2\/posts\/691","targetHints":{"allow":["GET"]}}],"collection":[{"href":"http:\/\/www.lesvraisrayons.it\/index.php\/wp-json\/wp\/v2\/posts"}],"about":[{"href":"http:\/\/www.lesvraisrayons.it\/index.php\/wp-json\/wp\/v2\/types\/post"}],"author":[{"embeddable":true,"href":"http:\/\/www.lesvraisrayons.it\/index.php\/wp-json\/wp\/v2\/users\/22"}],"replies":[{"embeddable":true,"href":"http:\/\/www.lesvraisrayons.it\/index.php\/wp-json\/wp\/v2\/comments?post=691"}],"version-history":[{"count":1,"href":"http:\/\/www.lesvraisrayons.it\/index.php\/wp-json\/wp\/v2\/posts\/691\/revisions"}],"predecessor-version":[{"id":692,"href":"http:\/\/www.lesvraisrayons.it\/index.php\/wp-json\/wp\/v2\/posts\/691\/revisions\/692"}],"wp:attachment":[{"href":"http:\/\/www.lesvraisrayons.it\/index.php\/wp-json\/wp\/v2\/media?parent=691"}],"wp:term":[{"taxonomy":"category","embeddable":true,"href":"http:\/\/www.lesvraisrayons.it\/index.php\/wp-json\/wp\/v2\/categories?post=691"},{"taxonomy":"post_tag","embeddable":true,"href":"http:\/\/www.lesvraisrayons.it\/index.php\/wp-json\/wp\/v2\/tags?post=691"}],"curies":[{"name":"wp","href":"https:\/\/api.w.org\/{rel}","templated":true}]}}