{"id":591,"date":"2016-01-04T15:18:35","date_gmt":"2016-01-04T15:18:35","guid":{"rendered":"http:\/\/www.lesvraisrayons.it\/?p=591"},"modified":"2016-01-04T15:19:56","modified_gmt":"2016-01-04T15:19:56","slug":"osservatorio-astronomico-della-regione-autonoma-valle-daosta","status":"publish","type":"post","link":"http:\/\/www.lesvraisrayons.it\/index.php\/osservatorio-astronomico-della-regione-autonoma-valle-daosta\/","title":{"rendered":"Osservatorio Astronomico della Regione Autonoma Valle d\u2019Aosta"},"content":{"rendered":"<p><img loading=\"lazy\" decoding=\"async\" data-attachment-id=\"592\" data-permalink=\"http:\/\/www.lesvraisrayons.it\/index.php\/osservatorio-astronomico-della-regione-autonoma-valle-daosta\/oss_04\/\" data-orig-file=\"https:\/\/i1.wp.com\/www.lesvraisrayons.it\/wp-content\/uploads\/2016\/01\/oss_04.jpg?fit=450%2C338\" data-orig-size=\"450,338\" data-comments-opened=\"0\" data-image-meta=\"{&quot;aperture&quot;:&quot;0&quot;,&quot;credit&quot;:&quot;&quot;,&quot;camera&quot;:&quot;&quot;,&quot;caption&quot;:&quot;&quot;,&quot;created_timestamp&quot;:&quot;0&quot;,&quot;copyright&quot;:&quot;&quot;,&quot;focal_length&quot;:&quot;0&quot;,&quot;iso&quot;:&quot;0&quot;,&quot;shutter_speed&quot;:&quot;0&quot;,&quot;title&quot;:&quot;&quot;,&quot;orientation&quot;:&quot;0&quot;}\" data-image-title=\"osservatorio VDA\" data-image-description=\"\" data-image-caption=\"\" data-medium-file=\"https:\/\/i1.wp.com\/www.lesvraisrayons.it\/wp-content\/uploads\/2016\/01\/oss_04.jpg?fit=300%2C225\" data-large-file=\"https:\/\/i1.wp.com\/www.lesvraisrayons.it\/wp-content\/uploads\/2016\/01\/oss_04.jpg?fit=450%2C338\" class=\"alignleft size-medium wp-image-592\" src=\"https:\/\/i1.wp.com\/www.lesvraisrayons.it\/wp-content\/uploads\/2016\/01\/oss_04.jpg?resize=300%2C225\" alt=\"osservatorio VDA\" width=\"300\" height=\"225\" srcset=\"https:\/\/i1.wp.com\/www.lesvraisrayons.it\/wp-content\/uploads\/2016\/01\/oss_04.jpg?resize=300%2C225 300w, https:\/\/i1.wp.com\/www.lesvraisrayons.it\/wp-content\/uploads\/2016\/01\/oss_04.jpg?w=450 450w\" sizes=\"auto, (max-width: 300px) 100vw, 300px\" data-recalc-dims=\"1\" \/>Precisi studi meteorologici hanno stabilito che <strong>Saint-Barth\u00e9lemy<\/strong> \u00e8 un sito che dispone di oltre 250 nottate serene all\u2019anno. Un bassissimo inquinamento luminoso ed una bassa turbolenza atmosferica fanno di questa localit\u00e0 il luogo ideale per l\u2019osservazione astronomica.<\/p>\n<p>Saint-Barth\u00e9lemy \u00e8 una localit\u00e0 montana della Valle d\u2019Aosta a 1.600 metri d\u2019altitudine ad una quindicina di chilometri dal capoluogo<br \/>\n(Nus).<br \/>\nL&#8217;<strong>Osservatorio Astronomico della Regione Autonoma Valle d\u2019Aosta<\/strong> \u00e8 una struttura, ultimata a met\u00e0 2003, unica nel suo genere per le caratteristiche e la variet\u00e0 della strumentazione disponibile.Osservatorio Astronomico della Regione.<\/p>\n<p>Dotata di modernissime attrezzature, consente di realizzare ricerche scientifiche di alto livello, attivit\u00e0 didattiche per insegnanti e studenti di ogni ordine e grado, e la divulgazione astronomica di qualit\u00e0.<\/p>\n<p>L\u2019Osservatorio, che annovera anche una stazione meteorologica, \u00e8 corredato da un laboratorio eliofisico, un percorso didattico costituito da due mostre, dedicate alla vita delle stelle e al Big Bang, e da un &#8220;Sentiero dei Pianeti&#8221;: una serie di pannelli illustrativi sul Sistema Solare. Nel corso del 2008 la struttura \u00e8 stata affiancata da un planetario. (fonte: <a title=\"Osservatorio Astronomico VDA\" href=\"http:\/\/www.oavda.it\/\" target=\"_blank\">www.oavda.it<\/a>)<\/p>\n","protected":false},"excerpt":{"rendered":"<p>Precisi studi meteorologici hanno stabilito che Saint-Barth\u00e9lemy \u00e8 un sito che dispone di oltre 250 [&hellip;]<\/p>\n","protected":false},"author":22,"featured_media":0,"comment_status":"closed","ping_status":"open","sticky":false,"template":"","format":"link","meta":{"spay_email":"","footnotes":""},"categories":[38,33],"tags":[],"class_list":["post-591","post","type-post","status-publish","format-link","hentry","category-attivita","category-valle-d-aosta","post_format-post-format-link"],"jetpack_featured_media_url":"","jetpack_sharing_enabled":true,"jetpack-related-posts":[{"id":800,"url":"http:\/\/www.lesvraisrayons.it\/index.php\/febbraio-con-gli-insoliti-carnevali-della-valle-daosta\/","url_meta":{"origin":591,"position":0},"title":"Febbraio con gli insoliti carnevali della Valle d'Aosta","date":"February 11, 2017","format":"link","excerpt":"Rievocazioni storiche, costumi insoliti, momenti di grande festa e coesione sociale nei quali \u00e8 coinvolta tutta la popolazione: scoprite i carnevali\u00a0di Verr\u00e8s, Pont-Saint-Martin,\u00a0della \"Coumba Freide\" e tutte le altre feste\u00a0in maschera della Valle d'Aosta. (fonte LoveVDA)","rel":"","context":"In &quot;Appuntamenti&quot;","img":{"alt_text":"","src":"https:\/\/i0.wp.com\/www.lesvraisrayons.it\/wp-content\/uploads\/2017\/02\/VALLE-DAOSTA-Costumi-Carnevale-Verres-foto-Enrico-Romanzi-1737-2.jpg?resize=350%2C200","width":350,"height":200},"classes":[]},{"id":546,"url":"http:\/\/www.lesvraisrayons.it\/index.php\/i-guerrieri-di-xian-aosta-centro-saint-benin-via-festaz-27-fino-al-08052016\/","url_meta":{"origin":591,"position":1},"title":"I guerrieri di Xi\u2019an - Aosta  Centro Saint-B\u00e9nin, via Festaz 27 - fino al 08\/05\/2016","date":"December 11, 2015","format":false,"excerpt":"L\u2019esposizione documenta un particolare momento della ricerca espressiva di uno dei pi\u00f9 significativi protagonisti dell\u2019arte contemporanea, Sandro Chia (Firenze 1946), apparso sulla scena internazionale alla Biennale di Venezia del 1980 con il gruppo dei cinque artisti della Transavanguardia. Da allora la sua opera \u00e8 stata esposta nelle pi\u00f9 importanti rassegne\u2026","rel":"","context":"In &quot;Appuntamenti&quot;","img":{"alt_text":"","src":"https:\/\/i0.wp.com\/www.lesvraisrayons.it\/wp-content\/uploads\/2015\/12\/guerrieri-300x214.jpg?resize=350%2C200","width":350,"height":200},"classes":[]},{"id":824,"url":"http:\/\/www.lesvraisrayons.it\/index.php\/15-idee-per-scoprire-la-valle-daosta\/","url_meta":{"origin":591,"position":2},"title":"15 Idee per scoprire la Valle d'Aosta","date":"June 23, 2017","format":"link","excerpt":"15 Idee per scoprire la Valle d'Aosta Per un soggiorno in cui la curiosit\u00e0 si unisce al benessere, tante idee per scoprire i mille volti di un territorio tra natura, storia e cultura ecco le proposte di\u00a0Travel365 \u00a0","rel":"","context":"In &quot;Attivit\u00e0&quot;","img":{"alt_text":"","src":"https:\/\/i0.wp.com\/www.lesvraisrayons.it\/wp-content\/uploads\/2017\/06\/WP_20170607_08_21_37_Pro.jpg?resize=350%2C200","width":350,"height":200},"classes":[]},{"id":737,"url":"http:\/\/www.lesvraisrayons.it\/index.php\/lestate-valdostana-magia-fiabe-fumetti-cibo-e-musicastelle\/","url_meta":{"origin":591,"position":3},"title":"L'estate valdostana: magia, fiabe, fumetti, cibo e musicastelle","date":"May 31, 2016","format":false,"excerpt":"\u00abMusicastelle Outdoor\u00bb con cinque concerti dal 16 al 26 luglio: il 16 a Etroubles Daniele Silvestri, il 17 a Champorcher Dolcenera, il 23 a Verrayes Alex Britti, il 24 luglio a La Thuile Roberto Vecchioni e il 26 luglio nella piazza d'Armi del Forte di Bard il pianista Ezio Bosso.\u2026","rel":"","context":"In &quot;Appuntamenti&quot;","img":{"alt_text":"","src":"https:\/\/i0.wp.com\/www.lesvraisrayons.it\/wp-content\/uploads\/2016\/05\/64786-300x225.jpeg?resize=350%2C200","width":350,"height":200},"classes":[]},{"id":727,"url":"http:\/\/www.lesvraisrayons.it\/index.php\/un-giro-dei-giganti\/","url_meta":{"origin":591,"position":4},"title":"Un giro dei giganti","date":"May 23, 2016","format":false,"excerpt":"Un'escursione per scoprire i giganti della Valle d'Aosta. Il\u00a0Giro dei Giganti\u00a0\u00e8 un trekking ad anello in 7 tappe che attraversa tutta la Valle d'Aosta, passando ai piedi dei 4 Giganti delle Alpi\u00a0e che\u00a0collega, con alcune varianti, gli itinerari dell'AltaVia1\u00a0e dell'AltaVia2. (Fonte:LoveVDA)","rel":"","context":"In &quot;Attivit\u00e0&quot;","img":{"alt_text":"","src":"https:\/\/i1.wp.com\/www.lesvraisrayons.it\/wp-content\/uploads\/2016\/05\/TDG.jpg?resize=350%2C200","width":350,"height":200},"classes":[]},{"id":730,"url":"http:\/\/www.lesvraisrayons.it\/index.php\/non-solo-mtb-i-percorsi-per-i-motociclisti\/","url_meta":{"origin":591,"position":5},"title":"Non solo MTB...i percorsi  per i motociclisti","date":"May 23, 2016","format":false,"excerpt":"Diciotto tragitti consigliati, per scoprire la Valle d\u2019Aosta in moto, \u00a0per conoscere luoghi che sfuggono ai turisti meno attenti e divertirsi tra curve e tornanti mozzafiato. Da aprile ad ottobre, si pu\u00f2 scegliere il percorso preferito, certi di non lasciarsi sfuggire i luoghi da visitare, i tratti panoramici e i\u2026","rel":"","context":"In &quot;Attivit\u00e0&quot;","img":{"alt_text":"","src":"https:\/\/i2.wp.com\/www.lesvraisrayons.it\/wp-content\/uploads\/2016\/05\/mappa-moto-valle-aosta-5.jpg?resize=350%2C200","width":350,"height":200},"classes":[]}],"_links":{"self":[{"href":"http:\/\/www.lesvraisrayons.it\/index.php\/wp-json\/wp\/v2\/posts\/591","targetHints":{"allow":["GET"]}}],"collection":[{"href":"http:\/\/www.lesvraisrayons.it\/index.php\/wp-json\/wp\/v2\/posts"}],"about":[{"href":"http:\/\/www.lesvraisrayons.it\/index.php\/wp-json\/wp\/v2\/types\/post"}],"author":[{"embeddable":true,"href":"http:\/\/www.lesvraisrayons.it\/index.php\/wp-json\/wp\/v2\/users\/22"}],"replies":[{"embeddable":true,"href":"http:\/\/www.lesvraisrayons.it\/index.php\/wp-json\/wp\/v2\/comments?post=591"}],"version-history":[{"count":3,"href":"http:\/\/www.lesvraisrayons.it\/index.php\/wp-json\/wp\/v2\/posts\/591\/revisions"}],"predecessor-version":[{"id":595,"href":"http:\/\/www.lesvraisrayons.it\/index.php\/wp-json\/wp\/v2\/posts\/591\/revisions\/595"}],"wp:attachment":[{"href":"http:\/\/www.lesvraisrayons.it\/index.php\/wp-json\/wp\/v2\/media?parent=591"}],"wp:term":[{"taxonomy":"category","embeddable":true,"href":"http:\/\/www.lesvraisrayons.it\/index.php\/wp-json\/wp\/v2\/categories?post=591"},{"taxonomy":"post_tag","embeddable":true,"href":"http:\/\/www.lesvraisrayons.it\/index.php\/wp-json\/wp\/v2\/tags?post=591"}],"curies":[{"name":"wp","href":"https:\/\/api.w.org\/{rel}","templated":true}]}}