{"id":546,"date":"2015-12-11T16:41:54","date_gmt":"2015-12-11T16:41:54","guid":{"rendered":"http:\/\/www.lesvraisrayons.it\/?p=546"},"modified":"2016-05-23T21:15:15","modified_gmt":"2016-05-23T21:15:15","slug":"i-guerrieri-di-xian-aosta-centro-saint-benin-via-festaz-27-fino-al-08052016","status":"publish","type":"post","link":"http:\/\/www.lesvraisrayons.it\/index.php\/i-guerrieri-di-xian-aosta-centro-saint-benin-via-festaz-27-fino-al-08052016\/","title":{"rendered":"I guerrieri di Xi\u2019an &#8211; Aosta  Centro Saint-B\u00e9nin, via Festaz 27 &#8211; fino al 08\/05\/2016"},"content":{"rendered":"<p><img loading=\"lazy\" decoding=\"async\" data-attachment-id=\"549\" data-permalink=\"http:\/\/www.lesvraisrayons.it\/index.php\/i-guerrieri-di-xian-aosta-centro-saint-benin-via-festaz-27-fino-al-08052016\/guerrieri\/\" data-orig-file=\"https:\/\/i2.wp.com\/www.lesvraisrayons.it\/wp-content\/uploads\/2015\/12\/guerrieri.jpg?fit=1024%2C732\" data-orig-size=\"1024,732\" data-comments-opened=\"0\" data-image-meta=\"{&quot;aperture&quot;:&quot;0&quot;,&quot;credit&quot;:&quot;&quot;,&quot;camera&quot;:&quot;&quot;,&quot;caption&quot;:&quot;&quot;,&quot;created_timestamp&quot;:&quot;0&quot;,&quot;copyright&quot;:&quot;&quot;,&quot;focal_length&quot;:&quot;0&quot;,&quot;iso&quot;:&quot;0&quot;,&quot;shutter_speed&quot;:&quot;0&quot;,&quot;title&quot;:&quot;&quot;,&quot;orientation&quot;:&quot;0&quot;}\" data-image-title=\"guerrieri\" data-image-description=\"\" data-image-caption=\"\" data-medium-file=\"https:\/\/i2.wp.com\/www.lesvraisrayons.it\/wp-content\/uploads\/2015\/12\/guerrieri.jpg?fit=300%2C214\" data-large-file=\"https:\/\/i2.wp.com\/www.lesvraisrayons.it\/wp-content\/uploads\/2015\/12\/guerrieri.jpg?fit=900%2C643\" class=\"alignleft wp-image-549 size-medium\" src=\"https:\/\/i2.wp.com\/www.lesvraisrayons.it\/wp-content\/uploads\/2015\/12\/guerrieri.jpg?resize=300%2C214\" alt=\"guerrieri\" width=\"300\" height=\"214\" srcset=\"https:\/\/i2.wp.com\/www.lesvraisrayons.it\/wp-content\/uploads\/2015\/12\/guerrieri.jpg?resize=300%2C214 300w, https:\/\/i2.wp.com\/www.lesvraisrayons.it\/wp-content\/uploads\/2015\/12\/guerrieri.jpg?w=1024 1024w\" sizes=\"auto, (max-width: 300px) 100vw, 300px\" data-recalc-dims=\"1\" \/>L\u2019esposizione documenta un particolare momento della ricerca espressiva di uno dei pi\u00f9 significativi protagonisti dell\u2019arte contemporanea, Sandro Chia (Firenze 1946), apparso sulla scena internazionale alla Biennale di Venezia del 1980 con il gruppo dei cinque artisti della Transavanguardia.<\/p>\n<p>Da allora la sua opera \u00e8 stata esposta nelle pi\u00f9 importanti rassegne internazionali d\u2019arte e in prestigiosi musei quali il Metropolitan Museum di New York.<\/p>\n<p>La mostra di Aosta, a cura di Daria Jorioz con Enzo Di Martino, \u00e8 incentrata sugli antichi mitici <strong>Guerrieri di Xi\u2019an<\/strong>(2.200 a.C.), ritrovati in Cina nel 1974.<br \/>\nArtista <em>nomade<\/em> per la capacit\u00e0 di alimentare il suo mondo creativo attingendo a fonti diverse e pervenendo sempre ad una personale cifra formale, Chia ha compiuto sulle copie in terracotta di alcuni di questi straordinari guerrieri un\u2019operazione <em>picassiana<\/em> di appropriazione, deponendovi il proprio inconfondibile gesto pittorico. Ne deriva una mostra affascinante, che intende consegnare ai visitatori una visione rappresentativa del complesso e poetico mondo immaginativo di questo artista. (fonte: <a href=\"http:\/\/www.lovevda.it\/it\/banca-dati\/2\/mostre\/aosta\/sandro-chia-i-guerrieri-di-xi%E2%80%99an\/56974\">LoveVDA<\/a>)<\/p>\n","protected":false},"excerpt":{"rendered":"<p>L\u2019esposizione documenta un particolare momento della ricerca espressiva di uno dei pi\u00f9 significativi protagonisti dell\u2019arte [&hellip;]<\/p>\n","protected":false},"author":22,"featured_media":0,"comment_status":"closed","ping_status":"open","sticky":false,"template":"","format":"standard","meta":{"spay_email":"","footnotes":""},"categories":[36,38,23,42,33],"tags":[],"class_list":["post-546","post","type-post","status-publish","format-standard","hentry","category-appuntamenti","category-attivita","category-feste-eventi-sagre","category-news","category-valle-d-aosta"],"jetpack_featured_media_url":"","jetpack_sharing_enabled":true,"jetpack-related-posts":[{"id":693,"url":"http:\/\/www.lesvraisrayons.it\/index.php\/master-wildlife-photographer-7-8-maggio-2016\/","url_meta":{"origin":546,"position":0},"title":"Master Wildlife Photographer 7- 8 Maggio 2016","date":"March 9, 2016","format":false,"excerpt":"Nell\u2019ambito della mostra Wildlife Phtoographer of the Year 2016, il Forte di Bard propone un master con modalit\u00e0 residenziale. Il master, tenuto dai docenti Stefano Unterthiner (stefanounterthiner.com), fotografo di fama internazionale e EmanueleBiggi (anura.it), conduttore del programma Geo su Raitre, offre un percorso formativo altamente qualificato con professionisti del settore,\u2026","rel":"","context":"In &quot;Appuntamenti&quot;","img":{"alt_text":"","src":"","width":0,"height":0},"classes":[]},{"id":727,"url":"http:\/\/www.lesvraisrayons.it\/index.php\/un-giro-dei-giganti\/","url_meta":{"origin":546,"position":1},"title":"Un giro dei giganti","date":"May 23, 2016","format":false,"excerpt":"Un'escursione per scoprire i giganti della Valle d'Aosta. Il\u00a0Giro dei Giganti\u00a0\u00e8 un trekking ad anello in 7 tappe che attraversa tutta la Valle d'Aosta, passando ai piedi dei 4 Giganti delle Alpi\u00a0e che\u00a0collega, con alcune varianti, gli itinerari dell'AltaVia1\u00a0e dell'AltaVia2. (Fonte:LoveVDA)","rel":"","context":"In &quot;Attivit\u00e0&quot;","img":{"alt_text":"","src":"https:\/\/i1.wp.com\/www.lesvraisrayons.it\/wp-content\/uploads\/2016\/05\/TDG.jpg?resize=350%2C200","width":350,"height":200},"classes":[]},{"id":824,"url":"http:\/\/www.lesvraisrayons.it\/index.php\/15-idee-per-scoprire-la-valle-daosta\/","url_meta":{"origin":546,"position":2},"title":"15 Idee per scoprire la Valle d'Aosta","date":"June 23, 2017","format":"link","excerpt":"15 Idee per scoprire la Valle d'Aosta Per un soggiorno in cui la curiosit\u00e0 si unisce al benessere, tante idee per scoprire i mille volti di un territorio tra natura, storia e cultura ecco le proposte di\u00a0Travel365 \u00a0","rel":"","context":"In &quot;Attivit\u00e0&quot;","img":{"alt_text":"","src":"https:\/\/i0.wp.com\/www.lesvraisrayons.it\/wp-content\/uploads\/2017\/06\/lago-d-arpy.jpg?resize=350%2C200","width":350,"height":200},"classes":[]},{"id":730,"url":"http:\/\/www.lesvraisrayons.it\/index.php\/non-solo-mtb-i-percorsi-per-i-motociclisti\/","url_meta":{"origin":546,"position":3},"title":"Non solo MTB...i percorsi  per i motociclisti","date":"May 23, 2016","format":false,"excerpt":"Diciotto tragitti consigliati, per scoprire la Valle d\u2019Aosta in moto, \u00a0per conoscere luoghi che sfuggono ai turisti meno attenti e divertirsi tra curve e tornanti mozzafiato. Da aprile ad ottobre, si pu\u00f2 scegliere il percorso preferito, certi di non lasciarsi sfuggire i luoghi da visitare, i tratti panoramici e i\u2026","rel":"","context":"In &quot;Attivit\u00e0&quot;","img":{"alt_text":"","src":"https:\/\/i2.wp.com\/www.lesvraisrayons.it\/wp-content\/uploads\/2016\/05\/mappa-moto-valle-aosta-5.jpg?resize=350%2C200","width":350,"height":200},"classes":[]},{"id":591,"url":"http:\/\/www.lesvraisrayons.it\/index.php\/osservatorio-astronomico-della-regione-autonoma-valle-daosta\/","url_meta":{"origin":546,"position":4},"title":"Osservatorio Astronomico della Regione Autonoma Valle d\u2019Aosta","date":"January 4, 2016","format":"link","excerpt":"Precisi studi meteorologici hanno stabilito che Saint-Barth\u00e9lemy \u00e8 un sito che dispone di oltre 250 nottate serene all\u2019anno. Un bassissimo inquinamento luminoso ed una bassa turbolenza atmosferica fanno di questa localit\u00e0 il luogo ideale per l\u2019osservazione astronomica. Saint-Barth\u00e9lemy \u00e8 una localit\u00e0 montana della Valle d\u2019Aosta a 1.600 metri d\u2019altitudine ad\u2026","rel":"","context":"In &quot;Attivit\u00e0&quot;","img":{"alt_text":"","src":"https:\/\/i0.wp.com\/www.lesvraisrayons.it\/wp-content\/uploads\/2016\/01\/oss_04-300x225.jpg?resize=350%2C200","width":350,"height":200},"classes":[]},{"id":737,"url":"http:\/\/www.lesvraisrayons.it\/index.php\/lestate-valdostana-magia-fiabe-fumetti-cibo-e-musicastelle\/","url_meta":{"origin":546,"position":5},"title":"L'estate valdostana: magia, fiabe, fumetti, cibo e musicastelle","date":"May 31, 2016","format":false,"excerpt":"\u00abMusicastelle Outdoor\u00bb con cinque concerti dal 16 al 26 luglio: il 16 a Etroubles Daniele Silvestri, il 17 a Champorcher Dolcenera, il 23 a Verrayes Alex Britti, il 24 luglio a La Thuile Roberto Vecchioni e il 26 luglio nella piazza d'Armi del Forte di Bard il pianista Ezio Bosso.\u2026","rel":"","context":"In &quot;Appuntamenti&quot;","img":{"alt_text":"","src":"https:\/\/i0.wp.com\/www.lesvraisrayons.it\/wp-content\/uploads\/2016\/05\/64786-300x225.jpeg?resize=350%2C200","width":350,"height":200},"classes":[]}],"_links":{"self":[{"href":"http:\/\/www.lesvraisrayons.it\/index.php\/wp-json\/wp\/v2\/posts\/546","targetHints":{"allow":["GET"]}}],"collection":[{"href":"http:\/\/www.lesvraisrayons.it\/index.php\/wp-json\/wp\/v2\/posts"}],"about":[{"href":"http:\/\/www.lesvraisrayons.it\/index.php\/wp-json\/wp\/v2\/types\/post"}],"author":[{"embeddable":true,"href":"http:\/\/www.lesvraisrayons.it\/index.php\/wp-json\/wp\/v2\/users\/22"}],"replies":[{"embeddable":true,"href":"http:\/\/www.lesvraisrayons.it\/index.php\/wp-json\/wp\/v2\/comments?post=546"}],"version-history":[{"count":3,"href":"http:\/\/www.lesvraisrayons.it\/index.php\/wp-json\/wp\/v2\/posts\/546\/revisions"}],"predecessor-version":[{"id":550,"href":"http:\/\/www.lesvraisrayons.it\/index.php\/wp-json\/wp\/v2\/posts\/546\/revisions\/550"}],"wp:attachment":[{"href":"http:\/\/www.lesvraisrayons.it\/index.php\/wp-json\/wp\/v2\/media?parent=546"}],"wp:term":[{"taxonomy":"category","embeddable":true,"href":"http:\/\/www.lesvraisrayons.it\/index.php\/wp-json\/wp\/v2\/categories?post=546"},{"taxonomy":"post_tag","embeddable":true,"href":"http:\/\/www.lesvraisrayons.it\/index.php\/wp-json\/wp\/v2\/tags?post=546"}],"curies":[{"name":"wp","href":"https:\/\/api.w.org\/{rel}","templated":true}]}}