{"id":371,"date":"2015-12-07T17:35:53","date_gmt":"2015-12-07T17:35:53","guid":{"rendered":"http:\/\/www.lesvraisrayons.it\/?p=371"},"modified":"2016-03-09T17:25:03","modified_gmt":"2016-03-09T17:25:03","slug":"un-particolare-benvenuto","status":"publish","type":"post","link":"http:\/\/www.lesvraisrayons.it\/index.php\/un-particolare-benvenuto\/","title":{"rendered":"Particolari convenzioni per i nostri ospiti"},"content":{"rendered":"<p>Forte di Bard: sconti ingresso<br \/>\nTerme di Saint-Vincent: sconti ingresso e trattamenti<br \/>\nTerme di Pr\u00e9-Saint-Didier: sconti ingresso nei giorni feriali<\/p>\n<div class=\"tiled-gallery type-rectangular tiled-gallery-unresized\" data-original-width=\"900\" data-carousel-extra='{&quot;blog_id&quot;:1,&quot;permalink&quot;:&quot;http:\\\/\\\/www.lesvraisrayons.it\\\/index.php\\\/un-particolare-benvenuto\\\/&quot;,&quot;likes_blog_id&quot;:103299342}' itemscope itemtype=\"http:\/\/schema.org\/ImageGallery\" > <div class=\"gallery-row\" style=\"width: 900px; height: 599px;\" data-original-width=\"900\" data-original-height=\"599\" > <div class=\"gallery-group images-5\" style=\"width: 179px; height: 599px;\" data-original-width=\"179\" data-original-height=\"599\" > <div class=\"tiled-gallery-item tiled-gallery-item-small\" itemprop=\"associatedMedia\" itemscope itemtype=\"http:\/\/schema.org\/ImageObject\"> <a href=\"http:\/\/www.lesvraisrayons.it\/index.php\/un-particolare-benvenuto\/terme-di-st-vincent\/\" border=\"0\" itemprop=\"url\"> <meta itemprop=\"width\" content=\"175\"> <meta itemprop=\"height\" content=\"131\"> <img loading=\"lazy\" decoding=\"async\" data-attachment-id=\"614\" data-orig-file=\"http:\/\/www.lesvraisrayons.it\/wp-content\/uploads\/2015\/12\/terme-di-st-vincent.jpg\" data-orig-size=\"550,412\" data-comments-opened=\"\" data-image-meta=\"{&quot;aperture&quot;:&quot;0&quot;,&quot;credit&quot;:&quot;&quot;,&quot;camera&quot;:&quot;&quot;,&quot;caption&quot;:&quot;&quot;,&quot;created_timestamp&quot;:&quot;0&quot;,&quot;copyright&quot;:&quot;&quot;,&quot;focal_length&quot;:&quot;0&quot;,&quot;iso&quot;:&quot;0&quot;,&quot;shutter_speed&quot;:&quot;0&quot;,&quot;title&quot;:&quot;&quot;,&quot;orientation&quot;:&quot;0&quot;}\" data-image-title=\"terme-di-st-vincent\" data-image-description=\"\" data-medium-file=\"https:\/\/i2.wp.com\/www.lesvraisrayons.it\/wp-content\/uploads\/2015\/12\/terme-di-st-vincent.jpg?fit=300%2C225\" data-large-file=\"https:\/\/i2.wp.com\/www.lesvraisrayons.it\/wp-content\/uploads\/2015\/12\/terme-di-st-vincent.jpg?fit=550%2C412\" src=\"https:\/\/i2.wp.com\/www.lesvraisrayons.it\/wp-content\/uploads\/2015\/12\/terme-di-st-vincent.jpg?w=175&#038;h=131\" width=\"175\" height=\"131\" data-original-width=\"175\" data-original-height=\"131\" itemprop=\"http:\/\/schema.org\/image\" title=\"terme-di-st-vincent\" alt=\"terme-di-st-vincent\" style=\"width: 175px; height: 131px;\" \/> <\/a> <\/div> <div class=\"tiled-gallery-item tiled-gallery-item-small\" itemprop=\"associatedMedia\" itemscope itemtype=\"http:\/\/schema.org\/ImageObject\"> <a href=\"http:\/\/www.lesvraisrayons.it\/index.php\/un-particolare-benvenuto\/forte-di-bard\/\" border=\"0\" itemprop=\"url\"> <meta itemprop=\"width\" content=\"175\"> <meta itemprop=\"height\" content=\"126\"> <img loading=\"lazy\" decoding=\"async\" data-attachment-id=\"605\" data-orig-file=\"http:\/\/www.lesvraisrayons.it\/wp-content\/uploads\/2015\/12\/0607080001.jpg\" data-orig-size=\"800,575\" data-comments-opened=\"\" data-image-meta=\"{&quot;aperture&quot;:&quot;0&quot;,&quot;credit&quot;:&quot;Alessandro Zambianchi&quot;,&quot;camera&quot;:&quot;&quot;,&quot;caption&quot;:&quot;&quot;,&quot;created_timestamp&quot;:&quot;0&quot;,&quot;copyright&quot;:&quot;\\u00a9 2007 Alessandro Zambianchi&quot;,&quot;focal_length&quot;:&quot;0&quot;,&quot;iso&quot;:&quot;0&quot;,&quot;shutter_speed&quot;:&quot;0&quot;,&quot;title&quot;:&quot;Forte di Bard&quot;,&quot;orientation&quot;:&quot;0&quot;}\" data-image-title=\"Forte di Bard\" data-image-description=\"\" data-medium-file=\"https:\/\/i0.wp.com\/www.lesvraisrayons.it\/wp-content\/uploads\/2015\/12\/0607080001.jpg?fit=300%2C216\" data-large-file=\"https:\/\/i0.wp.com\/www.lesvraisrayons.it\/wp-content\/uploads\/2015\/12\/0607080001.jpg?fit=800%2C575\" src=\"https:\/\/i0.wp.com\/www.lesvraisrayons.it\/wp-content\/uploads\/2015\/12\/0607080001.jpg?w=175&#038;h=126\" width=\"175\" height=\"126\" data-original-width=\"175\" data-original-height=\"126\" itemprop=\"http:\/\/schema.org\/image\" title=\"Forte di Bard\" alt=\"Forte di Bard\" style=\"width: 175px; height: 126px;\" \/> <\/a> <\/div> <div class=\"tiled-gallery-item tiled-gallery-item-small\" itemprop=\"associatedMedia\" itemscope itemtype=\"http:\/\/schema.org\/ImageObject\"> <a href=\"http:\/\/www.lesvraisrayons.it\/index.php\/un-particolare-benvenuto\/pre-4-big\/\" border=\"0\" itemprop=\"url\"> <meta itemprop=\"width\" content=\"175\"> <meta itemprop=\"height\" content=\"116\"> <img loading=\"lazy\" decoding=\"async\" data-attachment-id=\"611\" data-orig-file=\"http:\/\/www.lesvraisrayons.it\/wp-content\/uploads\/2015\/12\/pre-4-big.jpg\" data-orig-size=\"900,600\" data-comments-opened=\"\" data-image-meta=\"{&quot;aperture&quot;:&quot;0&quot;,&quot;credit&quot;:&quot;&quot;,&quot;camera&quot;:&quot;&quot;,&quot;caption&quot;:&quot;&quot;,&quot;created_timestamp&quot;:&quot;0&quot;,&quot;copyright&quot;:&quot;&quot;,&quot;focal_length&quot;:&quot;0&quot;,&quot;iso&quot;:&quot;0&quot;,&quot;shutter_speed&quot;:&quot;0&quot;,&quot;title&quot;:&quot;&quot;,&quot;orientation&quot;:&quot;0&quot;}\" data-image-title=\"pre-4-big\" data-image-description=\"\" data-medium-file=\"https:\/\/i0.wp.com\/www.lesvraisrayons.it\/wp-content\/uploads\/2015\/12\/pre-4-big.jpg?fit=300%2C200\" data-large-file=\"https:\/\/i0.wp.com\/www.lesvraisrayons.it\/wp-content\/uploads\/2015\/12\/pre-4-big.jpg?fit=900%2C600\" src=\"https:\/\/i0.wp.com\/www.lesvraisrayons.it\/wp-content\/uploads\/2015\/12\/pre-4-big.jpg?w=175&#038;h=116\" width=\"175\" height=\"116\" data-original-width=\"175\" data-original-height=\"116\" itemprop=\"http:\/\/schema.org\/image\" title=\"pre-4-big\" alt=\"pre-4-big\" style=\"width: 175px; height: 116px;\" \/> <\/a> <\/div> <div class=\"tiled-gallery-item tiled-gallery-item-small\" itemprop=\"associatedMedia\" itemscope itemtype=\"http:\/\/schema.org\/ImageObject\"> <a href=\"http:\/\/www.lesvraisrayons.it\/index.php\/un-particolare-benvenuto\/capodanno-terme-aosta-pre-saint-didier\/\" border=\"0\" itemprop=\"url\"> <meta itemprop=\"width\" content=\"175\"> <meta itemprop=\"height\" content=\"119\"> <img loading=\"lazy\" decoding=\"async\" data-attachment-id=\"607\" data-orig-file=\"http:\/\/www.lesvraisrayons.it\/wp-content\/uploads\/2015\/12\/capodanno-terme-aosta-pre-saint-didier.jpg\" data-orig-size=\"700,476\" data-comments-opened=\"\" data-image-meta=\"{&quot;aperture&quot;:&quot;0&quot;,&quot;credit&quot;:&quot;&quot;,&quot;camera&quot;:&quot;&quot;,&quot;caption&quot;:&quot;&quot;,&quot;created_timestamp&quot;:&quot;0&quot;,&quot;copyright&quot;:&quot;&quot;,&quot;focal_length&quot;:&quot;0&quot;,&quot;iso&quot;:&quot;0&quot;,&quot;shutter_speed&quot;:&quot;0&quot;,&quot;title&quot;:&quot;&quot;,&quot;orientation&quot;:&quot;0&quot;}\" data-image-title=\"capodanno-terme-aosta-pre-saint-didier\" data-image-description=\"\" data-medium-file=\"https:\/\/i1.wp.com\/www.lesvraisrayons.it\/wp-content\/uploads\/2015\/12\/capodanno-terme-aosta-pre-saint-didier.jpg?fit=300%2C204\" data-large-file=\"https:\/\/i1.wp.com\/www.lesvraisrayons.it\/wp-content\/uploads\/2015\/12\/capodanno-terme-aosta-pre-saint-didier.jpg?fit=700%2C476\" src=\"https:\/\/i1.wp.com\/www.lesvraisrayons.it\/wp-content\/uploads\/2015\/12\/capodanno-terme-aosta-pre-saint-didier.jpg?w=175&#038;h=119\" width=\"175\" height=\"119\" data-original-width=\"175\" data-original-height=\"119\" itemprop=\"http:\/\/schema.org\/image\" title=\"capodanno-terme-aosta-pre-saint-didier\" alt=\"capodanno-terme-aosta-pre-saint-didier\" style=\"width: 175px; height: 119px;\" \/> <\/a> <\/div> <div class=\"tiled-gallery-item tiled-gallery-item-small\" itemprop=\"associatedMedia\" itemscope itemtype=\"http:\/\/schema.org\/ImageObject\"> <a href=\"http:\/\/www.lesvraisrayons.it\/index.php\/un-particolare-benvenuto\/avengers-forte-di-bard\/\" border=\"0\" itemprop=\"url\"> <meta itemprop=\"width\" content=\"175\"> <meta itemprop=\"height\" content=\"87\"> <img loading=\"lazy\" decoding=\"async\" data-attachment-id=\"606\" data-orig-file=\"http:\/\/www.lesvraisrayons.it\/wp-content\/uploads\/2015\/12\/Avengers-Forte-di-Bard.jpg\" data-orig-size=\"640,320\" data-comments-opened=\"\" data-image-meta=\"{&quot;aperture&quot;:&quot;0&quot;,&quot;credit&quot;:&quot;&quot;,&quot;camera&quot;:&quot;&quot;,&quot;caption&quot;:&quot;&quot;,&quot;created_timestamp&quot;:&quot;0&quot;,&quot;copyright&quot;:&quot;&quot;,&quot;focal_length&quot;:&quot;0&quot;,&quot;iso&quot;:&quot;0&quot;,&quot;shutter_speed&quot;:&quot;0&quot;,&quot;title&quot;:&quot;&quot;,&quot;orientation&quot;:&quot;0&quot;}\" data-image-title=\"Avengers-Forte-di-Bard\" data-image-description=\"\" data-medium-file=\"https:\/\/i2.wp.com\/www.lesvraisrayons.it\/wp-content\/uploads\/2015\/12\/Avengers-Forte-di-Bard.jpg?fit=300%2C150\" data-large-file=\"https:\/\/i2.wp.com\/www.lesvraisrayons.it\/wp-content\/uploads\/2015\/12\/Avengers-Forte-di-Bard.jpg?fit=640%2C320\" src=\"https:\/\/i2.wp.com\/www.lesvraisrayons.it\/wp-content\/uploads\/2015\/12\/Avengers-Forte-di-Bard.jpg?w=175&#038;h=87\" width=\"175\" height=\"87\" data-original-width=\"175\" data-original-height=\"87\" itemprop=\"http:\/\/schema.org\/image\" title=\"Avengers-Forte-di-Bard\" alt=\"Avengers-Forte-di-Bard\" style=\"width: 175px; height: 87px;\" \/> <\/a> <\/div> <\/div> <!-- close group --> <div class=\"gallery-group images-3\" style=\"width: 365px; height: 599px;\" data-original-width=\"365\" data-original-height=\"599\" > <div class=\"tiled-gallery-item tiled-gallery-item-large\" itemprop=\"associatedMedia\" itemscope itemtype=\"http:\/\/schema.org\/ImageObject\"> <a href=\"http:\/\/www.lesvraisrayons.it\/index.php\/un-particolare-benvenuto\/fortedibard\/\" border=\"0\" itemprop=\"url\"> <meta itemprop=\"width\" content=\"361\"> <meta itemprop=\"height\" content=\"192\"> <img loading=\"lazy\" decoding=\"async\" data-attachment-id=\"609\" data-orig-file=\"http:\/\/www.lesvraisrayons.it\/wp-content\/uploads\/2015\/12\/fortedibard.jpg\" data-orig-size=\"1000,530\" data-comments-opened=\"\" data-image-meta=\"{&quot;aperture&quot;:&quot;0&quot;,&quot;credit&quot;:&quot;&quot;,&quot;camera&quot;:&quot;&quot;,&quot;caption&quot;:&quot;&quot;,&quot;created_timestamp&quot;:&quot;0&quot;,&quot;copyright&quot;:&quot;&quot;,&quot;focal_length&quot;:&quot;0&quot;,&quot;iso&quot;:&quot;0&quot;,&quot;shutter_speed&quot;:&quot;0&quot;,&quot;title&quot;:&quot;&quot;,&quot;orientation&quot;:&quot;0&quot;}\" data-image-title=\"fortedibard\" data-image-description=\"\" data-medium-file=\"https:\/\/i2.wp.com\/www.lesvraisrayons.it\/wp-content\/uploads\/2015\/12\/fortedibard.jpg?fit=300%2C159\" data-large-file=\"https:\/\/i2.wp.com\/www.lesvraisrayons.it\/wp-content\/uploads\/2015\/12\/fortedibard.jpg?fit=900%2C477\" src=\"https:\/\/i2.wp.com\/www.lesvraisrayons.it\/wp-content\/uploads\/2015\/12\/fortedibard.jpg?w=361&#038;h=192\" width=\"361\" height=\"192\" data-original-width=\"361\" data-original-height=\"192\" itemprop=\"http:\/\/schema.org\/image\" title=\"fortedibard\" alt=\"fortedibard\" style=\"width: 361px; height: 192px;\" \/> <\/a> <\/div> <div class=\"tiled-gallery-item tiled-gallery-item-large\" itemprop=\"associatedMedia\" itemscope itemtype=\"http:\/\/schema.org\/ImageObject\"> <a href=\"http:\/\/www.lesvraisrayons.it\/index.php\/un-particolare-benvenuto\/musicastelle-in-blue-forte-di-bard_foto-enrico-romanzi_0303_web\/\" border=\"0\" itemprop=\"url\"> <meta itemprop=\"width\" content=\"361\"> <meta itemprop=\"height\" content=\"241\"> <img loading=\"lazy\" decoding=\"async\" data-attachment-id=\"610\" data-orig-file=\"http:\/\/www.lesvraisrayons.it\/wp-content\/uploads\/2015\/12\/Musicastelle-in-Blue-Forte-di-Bard_foto-Enrico-Romanzi_0303_web.jpg\" data-orig-size=\"900,600\" data-comments-opened=\"\" data-image-meta=\"{&quot;aperture&quot;:&quot;0&quot;,&quot;credit&quot;:&quot;&quot;,&quot;camera&quot;:&quot;&quot;,&quot;caption&quot;:&quot;&quot;,&quot;created_timestamp&quot;:&quot;0&quot;,&quot;copyright&quot;:&quot;&quot;,&quot;focal_length&quot;:&quot;0&quot;,&quot;iso&quot;:&quot;0&quot;,&quot;shutter_speed&quot;:&quot;0&quot;,&quot;title&quot;:&quot;&quot;,&quot;orientation&quot;:&quot;0&quot;}\" data-image-title=\"Musicastelle-in-Blue-Forte-di-Bard_foto-Enrico-Romanzi_0303_web\" data-image-description=\"\" data-medium-file=\"https:\/\/i2.wp.com\/www.lesvraisrayons.it\/wp-content\/uploads\/2015\/12\/Musicastelle-in-Blue-Forte-di-Bard_foto-Enrico-Romanzi_0303_web.jpg?fit=300%2C200\" data-large-file=\"https:\/\/i2.wp.com\/www.lesvraisrayons.it\/wp-content\/uploads\/2015\/12\/Musicastelle-in-Blue-Forte-di-Bard_foto-Enrico-Romanzi_0303_web.jpg?fit=900%2C600\" src=\"https:\/\/i2.wp.com\/www.lesvraisrayons.it\/wp-content\/uploads\/2015\/12\/Musicastelle-in-Blue-Forte-di-Bard_foto-Enrico-Romanzi_0303_web.jpg?w=361&#038;h=241\" width=\"361\" height=\"241\" data-original-width=\"361\" data-original-height=\"241\" itemprop=\"http:\/\/schema.org\/image\" title=\"Musicastelle-in-Blue-Forte-di-Bard_foto-Enrico-Romanzi_0303_web\" alt=\"Musicastelle-in-Blue-Forte-di-Bard_foto-Enrico-Romanzi_0303_web\" style=\"width: 361px; height: 241px;\" \/> <\/a> <\/div> <div class=\"tiled-gallery-item tiled-gallery-item-large\" itemprop=\"associatedMedia\" itemscope itemtype=\"http:\/\/schema.org\/ImageObject\"> <a href=\"http:\/\/www.lesvraisrayons.it\/index.php\/un-particolare-benvenuto\/terme2_dato_da-loro\/\" border=\"0\" itemprop=\"url\"> <meta itemprop=\"width\" content=\"361\"> <meta itemprop=\"height\" content=\"154\"> <img loading=\"lazy\" decoding=\"async\" data-attachment-id=\"613\" data-orig-file=\"http:\/\/www.lesvraisrayons.it\/wp-content\/uploads\/2015\/12\/terme2_dato_da-loro.jpg\" data-orig-size=\"1000,427\" data-comments-opened=\"\" data-image-meta=\"{&quot;aperture&quot;:&quot;0&quot;,&quot;credit&quot;:&quot;&quot;,&quot;camera&quot;:&quot;&quot;,&quot;caption&quot;:&quot;&quot;,&quot;created_timestamp&quot;:&quot;0&quot;,&quot;copyright&quot;:&quot;&quot;,&quot;focal_length&quot;:&quot;0&quot;,&quot;iso&quot;:&quot;0&quot;,&quot;shutter_speed&quot;:&quot;0&quot;,&quot;title&quot;:&quot;&quot;,&quot;orientation&quot;:&quot;0&quot;}\" data-image-title=\"terme2_dato_da-loro\" data-image-description=\"\" data-medium-file=\"https:\/\/i0.wp.com\/www.lesvraisrayons.it\/wp-content\/uploads\/2015\/12\/terme2_dato_da-loro.jpg?fit=300%2C128\" data-large-file=\"https:\/\/i0.wp.com\/www.lesvraisrayons.it\/wp-content\/uploads\/2015\/12\/terme2_dato_da-loro.jpg?fit=900%2C384\" src=\"https:\/\/i0.wp.com\/www.lesvraisrayons.it\/wp-content\/uploads\/2015\/12\/terme2_dato_da-loro.jpg?w=361&#038;h=154\" width=\"361\" height=\"154\" data-original-width=\"361\" data-original-height=\"154\" itemprop=\"http:\/\/schema.org\/image\" title=\"terme2_dato_da-loro\" alt=\"terme2_dato_da-loro\" style=\"width: 361px; height: 154px;\" \/> <\/a> <\/div> <\/div> <!-- close group --> <div class=\"gallery-group images-3\" style=\"width: 356px; height: 599px;\" data-original-width=\"356\" data-original-height=\"599\" > <div class=\"tiled-gallery-item tiled-gallery-item-large\" itemprop=\"associatedMedia\" itemscope itemtype=\"http:\/\/schema.org\/ImageObject\"> <a href=\"http:\/\/www.lesvraisrayons.it\/index.php\/un-particolare-benvenuto\/attachment\/49281\/\" border=\"0\" itemprop=\"url\"> <meta itemprop=\"width\" content=\"352\"> <meta itemprop=\"height\" content=\"259\"> <img loading=\"lazy\" decoding=\"async\" data-attachment-id=\"604\" data-orig-file=\"http:\/\/www.lesvraisrayons.it\/wp-content\/uploads\/2015\/12\/49281.jpg\" data-orig-size=\"397,292\" data-comments-opened=\"\" data-image-meta=\"{&quot;aperture&quot;:&quot;0&quot;,&quot;credit&quot;:&quot;&quot;,&quot;camera&quot;:&quot;&quot;,&quot;caption&quot;:&quot;&quot;,&quot;created_timestamp&quot;:&quot;0&quot;,&quot;copyright&quot;:&quot;&quot;,&quot;focal_length&quot;:&quot;0&quot;,&quot;iso&quot;:&quot;0&quot;,&quot;shutter_speed&quot;:&quot;0&quot;,&quot;title&quot;:&quot;&quot;,&quot;orientation&quot;:&quot;0&quot;}\" data-image-title=\"Offerte Bard Terme\" data-image-description=\"\" data-medium-file=\"https:\/\/i1.wp.com\/www.lesvraisrayons.it\/wp-content\/uploads\/2015\/12\/49281.jpg?fit=300%2C221\" data-large-file=\"https:\/\/i1.wp.com\/www.lesvraisrayons.it\/wp-content\/uploads\/2015\/12\/49281.jpg?fit=397%2C292\" src=\"https:\/\/i1.wp.com\/www.lesvraisrayons.it\/wp-content\/uploads\/2015\/12\/49281.jpg?w=352&#038;h=259\" width=\"352\" height=\"259\" data-original-width=\"352\" data-original-height=\"259\" itemprop=\"http:\/\/schema.org\/image\" title=\"Offerte Bard Terme\" alt=\"Offerte Bard Terme\" style=\"width: 352px; height: 259px;\" \/> <\/a> <\/div> <div class=\"tiled-gallery-item tiled-gallery-item-large\" itemprop=\"associatedMedia\" itemscope itemtype=\"http:\/\/schema.org\/ImageObject\"> <a href=\"http:\/\/www.lesvraisrayons.it\/index.php\/un-particolare-benvenuto\/pre-saint-didier\/\" border=\"0\" itemprop=\"url\"> <meta itemprop=\"width\" content=\"352\"> <meta itemprop=\"height\" content=\"129\"> <img loading=\"lazy\" decoding=\"async\" data-attachment-id=\"612\" data-orig-file=\"http:\/\/www.lesvraisrayons.it\/wp-content\/uploads\/2015\/12\/pre-saint-didier.jpg\" data-orig-size=\"600,220\" data-comments-opened=\"\" data-image-meta=\"{&quot;aperture&quot;:&quot;0&quot;,&quot;credit&quot;:&quot;&quot;,&quot;camera&quot;:&quot;&quot;,&quot;caption&quot;:&quot;&quot;,&quot;created_timestamp&quot;:&quot;0&quot;,&quot;copyright&quot;:&quot;&quot;,&quot;focal_length&quot;:&quot;0&quot;,&quot;iso&quot;:&quot;0&quot;,&quot;shutter_speed&quot;:&quot;0&quot;,&quot;title&quot;:&quot;&quot;,&quot;orientation&quot;:&quot;0&quot;}\" data-image-title=\"pre-saint-didier\" data-image-description=\"\" data-medium-file=\"https:\/\/i1.wp.com\/www.lesvraisrayons.it\/wp-content\/uploads\/2015\/12\/pre-saint-didier.jpg?fit=300%2C110\" data-large-file=\"https:\/\/i1.wp.com\/www.lesvraisrayons.it\/wp-content\/uploads\/2015\/12\/pre-saint-didier.jpg?fit=600%2C220\" src=\"https:\/\/i1.wp.com\/www.lesvraisrayons.it\/wp-content\/uploads\/2015\/12\/pre-saint-didier.jpg?w=352&#038;h=129\" width=\"352\" height=\"129\" data-original-width=\"352\" data-original-height=\"129\" itemprop=\"http:\/\/schema.org\/image\" title=\"pre-saint-didier\" alt=\"pre-saint-didier\" style=\"width: 352px; height: 129px;\" \/> <\/a> <\/div> <div class=\"tiled-gallery-item tiled-gallery-item-large\" itemprop=\"associatedMedia\" itemscope itemtype=\"http:\/\/schema.org\/ImageObject\"> <a href=\"http:\/\/www.lesvraisrayons.it\/index.php\/un-particolare-benvenuto\/croppedimage620350-agenda-fiere-napoleonica-fortedibard\/\" border=\"0\" itemprop=\"url\"> <meta itemprop=\"width\" content=\"352\"> <meta itemprop=\"height\" content=\"199\"> <img loading=\"lazy\" decoding=\"async\" data-attachment-id=\"608\" data-orig-file=\"http:\/\/www.lesvraisrayons.it\/wp-content\/uploads\/2015\/12\/croppedimage620350-agenda-fiere-napoleonica-fortedibard.jpg\" data-orig-size=\"620,350\" data-comments-opened=\"\" data-image-meta=\"{&quot;aperture&quot;:&quot;0&quot;,&quot;credit&quot;:&quot;&quot;,&quot;camera&quot;:&quot;&quot;,&quot;caption&quot;:&quot;&quot;,&quot;created_timestamp&quot;:&quot;0&quot;,&quot;copyright&quot;:&quot;&quot;,&quot;focal_length&quot;:&quot;0&quot;,&quot;iso&quot;:&quot;0&quot;,&quot;shutter_speed&quot;:&quot;0&quot;,&quot;title&quot;:&quot;&quot;,&quot;orientation&quot;:&quot;0&quot;}\" data-image-title=\"croppedimage620350-agenda-fiere-napoleonica-fortedibard\" data-image-description=\"\" data-medium-file=\"https:\/\/i1.wp.com\/www.lesvraisrayons.it\/wp-content\/uploads\/2015\/12\/croppedimage620350-agenda-fiere-napoleonica-fortedibard.jpg?fit=300%2C169\" data-large-file=\"https:\/\/i1.wp.com\/www.lesvraisrayons.it\/wp-content\/uploads\/2015\/12\/croppedimage620350-agenda-fiere-napoleonica-fortedibard.jpg?fit=620%2C350\" src=\"https:\/\/i1.wp.com\/www.lesvraisrayons.it\/wp-content\/uploads\/2015\/12\/croppedimage620350-agenda-fiere-napoleonica-fortedibard.jpg?w=352&#038;h=199\" width=\"352\" height=\"199\" data-original-width=\"352\" data-original-height=\"199\" itemprop=\"http:\/\/schema.org\/image\" title=\"croppedimage620350-agenda-fiere-napoleonica-fortedibard\" alt=\"croppedimage620350-agenda-fiere-napoleonica-fortedibard\" style=\"width: 352px; height: 199px;\" \/> <\/a> <\/div> <\/div> <!-- close group --> <\/div> <!-- close row --> <\/div>\n","protected":false},"excerpt":{"rendered":"<p>Forte di Bard: sconti ingresso Terme di Saint-Vincent: sconti ingresso e trattamenti Terme di Pr\u00e9-Saint-Didier: [&hellip;]<\/p>\n","protected":false},"author":22,"featured_media":0,"comment_status":"closed","ping_status":"open","sticky":false,"template":"","format":"gallery","meta":{"spay_email":"","footnotes":""},"categories":[38,42,29,39],"tags":[],"class_list":["post-371","post","type-post","status-publish","format-gallery","hentry","category-attivita","category-news","category-special-offers","category-percorsi","post_format-post-format-gallery"],"jetpack_featured_media_url":"","jetpack_sharing_enabled":true,"jetpack-related-posts":[{"id":374,"url":"http:\/\/www.lesvraisrayons.it\/index.php\/festa-del-vischio-saint-denis-8-dicembre-2016\/","url_meta":{"origin":371,"position":0},"title":"Festa del Vischio - 8 dicembre 2016 (Saint-Denis)","date":"December 7, 2015","format":"link","excerpt":"\u00a0 Il vischio costituiva un elemento importante della tradizione celtica, all\u2019origine di molti riti e leggende. Celebrandone la raccolta, che tradizionalmente precede le festivit\u00e0 natalizie, la festa, che si svolge intorno al mercatino del vischio, dove si possono trovare anche prodotti tipici della gastronomia locale, \u00e8 resa ancor pi\u00f9 suggestiva\u2026","rel":"","context":"In &quot;Appuntamenti&quot;","img":{"alt_text":"dreamstime_m_47619653","src":"https:\/\/i1.wp.com\/www.lesvraisrayons.it\/wp-content\/uploads\/2015\/12\/dreamstime_m_47619653-1024x717.jpg?resize=350%2C200","width":350,"height":200},"classes":[]},{"id":546,"url":"http:\/\/www.lesvraisrayons.it\/index.php\/i-guerrieri-di-xian-aosta-centro-saint-benin-via-festaz-27-fino-al-08052016\/","url_meta":{"origin":371,"position":1},"title":"I guerrieri di Xi\u2019an - Aosta  Centro Saint-B\u00e9nin, via Festaz 27 - fino al 08\/05\/2016","date":"December 11, 2015","format":false,"excerpt":"L\u2019esposizione documenta un particolare momento della ricerca espressiva di uno dei pi\u00f9 significativi protagonisti dell\u2019arte contemporanea, Sandro Chia (Firenze 1946), apparso sulla scena internazionale alla Biennale di Venezia del 1980 con il gruppo dei cinque artisti della Transavanguardia. Da allora la sua opera \u00e8 stata esposta nelle pi\u00f9 importanti rassegne\u2026","rel":"","context":"In &quot;Appuntamenti&quot;","img":{"alt_text":"","src":"https:\/\/i0.wp.com\/www.lesvraisrayons.it\/wp-content\/uploads\/2015\/12\/guerrieri-300x214.jpg?resize=350%2C200","width":350,"height":200},"classes":[]},{"id":591,"url":"http:\/\/www.lesvraisrayons.it\/index.php\/osservatorio-astronomico-della-regione-autonoma-valle-daosta\/","url_meta":{"origin":371,"position":2},"title":"Osservatorio Astronomico della Regione Autonoma Valle d\u2019Aosta","date":"January 4, 2016","format":"link","excerpt":"Precisi studi meteorologici hanno stabilito che Saint-Barth\u00e9lemy \u00e8 un sito che dispone di oltre 250 nottate serene all\u2019anno. Un bassissimo inquinamento luminoso ed una bassa turbolenza atmosferica fanno di questa localit\u00e0 il luogo ideale per l\u2019osservazione astronomica. Saint-Barth\u00e9lemy \u00e8 una localit\u00e0 montana della Valle d\u2019Aosta a 1.600 metri d\u2019altitudine ad\u2026","rel":"","context":"In &quot;Attivit\u00e0&quot;","img":{"alt_text":"","src":"https:\/\/i0.wp.com\/www.lesvraisrayons.it\/wp-content\/uploads\/2016\/01\/oss_04-300x225.jpg?resize=350%2C200","width":350,"height":200},"classes":[]},{"id":800,"url":"http:\/\/www.lesvraisrayons.it\/index.php\/febbraio-con-gli-insoliti-carnevali-della-valle-daosta\/","url_meta":{"origin":371,"position":3},"title":"Febbraio con gli insoliti carnevali della Valle d'Aosta","date":"February 11, 2017","format":"link","excerpt":"Rievocazioni storiche, costumi insoliti, momenti di grande festa e coesione sociale nei quali \u00e8 coinvolta tutta la popolazione: scoprite i carnevali\u00a0di Verr\u00e8s, Pont-Saint-Martin,\u00a0della \"Coumba Freide\" e tutte le altre feste\u00a0in maschera della Valle d'Aosta. (fonte LoveVDA)","rel":"","context":"In &quot;Appuntamenti&quot;","img":{"alt_text":"","src":"https:\/\/i0.wp.com\/www.lesvraisrayons.it\/wp-content\/uploads\/2017\/02\/VALLE-DAOSTA-Costumi-Carnevale-Verres-foto-Enrico-Romanzi-1737-2.jpg?resize=350%2C200","width":350,"height":200},"classes":[]},{"id":737,"url":"http:\/\/www.lesvraisrayons.it\/index.php\/lestate-valdostana-magia-fiabe-fumetti-cibo-e-musicastelle\/","url_meta":{"origin":371,"position":4},"title":"L'estate valdostana: magia, fiabe, fumetti, cibo e musicastelle","date":"May 31, 2016","format":false,"excerpt":"\u00abMusicastelle Outdoor\u00bb con cinque concerti dal 16 al 26 luglio: il 16 a Etroubles Daniele Silvestri, il 17 a Champorcher Dolcenera, il 23 a Verrayes Alex Britti, il 24 luglio a La Thuile Roberto Vecchioni e il 26 luglio nella piazza d'Armi del Forte di Bard il pianista Ezio Bosso.\u2026","rel":"","context":"In &quot;Appuntamenti&quot;","img":{"alt_text":"","src":"https:\/\/i0.wp.com\/www.lesvraisrayons.it\/wp-content\/uploads\/2016\/05\/64786-300x225.jpeg?resize=350%2C200","width":350,"height":200},"classes":[]},{"id":691,"url":"http:\/\/www.lesvraisrayons.it\/index.php\/baby-snow-park\/","url_meta":{"origin":371,"position":5},"title":"Baby Snow Park","date":"March 9, 2016","format":false,"excerpt":"Parchi gioco sulla neve. I bambini giocano in sicurezza mentre i genitori possono godersi serenamente la montagna. Di seguito i riferimenti per i parchi pi\u00f9 vicini. Torgnon: All\u2019arrivo della telecabina Mongnod-Chantorn\u00e9, nella soleggiata conca di Chantorn\u00e9, il winter park \u00e8 la principale attrattiva per i pi\u00f9 piccoli ma non solo,\u2026","rel":"","context":"In &quot;Attivit\u00e0&quot;","img":{"alt_text":"","src":"","width":0,"height":0},"classes":[]}],"_links":{"self":[{"href":"http:\/\/www.lesvraisrayons.it\/index.php\/wp-json\/wp\/v2\/posts\/371","targetHints":{"allow":["GET"]}}],"collection":[{"href":"http:\/\/www.lesvraisrayons.it\/index.php\/wp-json\/wp\/v2\/posts"}],"about":[{"href":"http:\/\/www.lesvraisrayons.it\/index.php\/wp-json\/wp\/v2\/types\/post"}],"author":[{"embeddable":true,"href":"http:\/\/www.lesvraisrayons.it\/index.php\/wp-json\/wp\/v2\/users\/22"}],"replies":[{"embeddable":true,"href":"http:\/\/www.lesvraisrayons.it\/index.php\/wp-json\/wp\/v2\/comments?post=371"}],"version-history":[{"count":10,"href":"http:\/\/www.lesvraisrayons.it\/index.php\/wp-json\/wp\/v2\/posts\/371\/revisions"}],"predecessor-version":[{"id":618,"href":"http:\/\/www.lesvraisrayons.it\/index.php\/wp-json\/wp\/v2\/posts\/371\/revisions\/618"}],"wp:attachment":[{"href":"http:\/\/www.lesvraisrayons.it\/index.php\/wp-json\/wp\/v2\/media?parent=371"}],"wp:term":[{"taxonomy":"category","embeddable":true,"href":"http:\/\/www.lesvraisrayons.it\/index.php\/wp-json\/wp\/v2\/categories?post=371"},{"taxonomy":"post_tag","embeddable":true,"href":"http:\/\/www.lesvraisrayons.it\/index.php\/wp-json\/wp\/v2\/tags?post=371"}],"curies":[{"name":"wp","href":"https:\/\/api.w.org\/{rel}","templated":true}]}}